{"id":239723,"date":"2025-12-29T13:04:58","date_gmt":"2025-12-29T20:04:58","guid":{"rendered":"https:\/\/rnoticias.com.mx\/Portal\/?p=239723"},"modified":"2025-12-29T13:04:58","modified_gmt":"2025-12-29T20:04:58","slug":"inah-aclara-polemica-de-bad-bunny-durante-visita-al-museo-de-antropologia","status":"publish","type":"post","link":"https:\/\/rnoticias.com.mx\/Portal\/2025\/12\/29\/inah-aclara-polemica-de-bad-bunny-durante-visita-al-museo-de-antropologia\/","title":{"rendered":"INAH aclara pol\u00e9mica de Bad Bunny durante visita al Museo de Antropolog\u00eda"},"content":{"rendered":"<p>Luego de que el artista\u00a0<strong>Bad Bunny<\/strong>\u00a0provoc\u00f3 pol\u00e9mica por tocar una estela en el\u00a0<strong>Museo Nacional de Antropolog\u00eda<\/strong>\u00a0(MNA), el\u00a0<strong>Instituto Nacional de Antropolog\u00eda e Historia<\/strong>\u00a0(INAH) aclar\u00f3 el asunto en redes sociales.<\/p>\n<p>Todo ocurri\u00f3 cuando el puertorrique\u00f1o comparti\u00f3 en\u00a0<strong>Instagram<\/strong>\u00a0im\u00e1genes de su visita por el MNA, contemplando el famoso\u00a0<strong>Calendario Azteca<\/strong>\u00a0y otras piezas ic\u00f3nicas, pero una de en esas publicaciones se apreci\u00f3 que la estela no contaba con vitrina, lo que facilitaba su contacto.<\/p>\n<p>El INAH asegur\u00f3 que durante todo el recorrido se cont\u00f3 con presencia de custodia del MNA, por lo que, cuando el artista coloc\u00f3 la mano sobre la estela, personal de\u00a0<strong>custodia del museo<\/strong>\u00a0reiter\u00f3 que no se pod\u00edan tocar las piezas, a lo cual Bad Bunny la retir\u00f3.<\/p>\n<p>El Instituto recalc\u00f3 que, como es de conocimiento p\u00fablico, el contacto f\u00edsico con\u00a0<strong>bienes arqueol\u00f3gicos est\u00e1 prohibido<\/strong>.<\/p>\n<p>Tras la publicaci\u00f3n del cantante, los internautas reaccionaron de diferentes maneras: algunos comentaron que la pieza podr\u00eda ser una r\u00e9plica, mientras que otros se\u00f1alaron que fue \u201ctrato preferencial\u201d hacia Bad Bunny.<\/p>\n<p>&nbsp;<\/p>\n<p>Fuente: Milenio<\/p>\n","protected":false},"excerpt":{"rendered":"<p>Luego de que el artista\u00a0Bad Bunny\u00a0provoc\u00f3 pol\u00e9mica por tocar una estela en el\u00a0Museo Nacional de Antropolog\u00eda\u00a0(MNA), el\u00a0Instituto Nacional de Antropolog\u00eda e Historia\u00a0(INAH) aclar\u00f3 el asunto en redes sociales. Todo ocurri\u00f3 cuando el puertorrique\u00f1o comparti\u00f3 en\u00a0Instagram\u00a0im\u00e1genes de su visita por el MNA, contemplando el famoso\u00a0Calendario Azteca\u00a0y otras piezas ic\u00f3nicas, pero una de en esas publicaciones se [&hellip;]<\/p>\n","protected":false},"author":2,"featured_media":239724,"comment_status":"closed","ping_status":"closed","sticky":false,"template":"","format":"standard","meta":{"footnotes":""},"categories":[12870,219],"tags":[12865,12875],"class_list":["post-239723","post","type-post","status-publish","format-standard","has-post-thumbnail","hentry","category-destacadas","category-espectaculos","tag-destacadas","tag-espectaculos"],"jetpack_featured_media_url":"https:\/\/rnoticias.com.mx\/Portal\/wp-content\/uploads\/2025\/12\/img_1238-960x600-1.jpg","amp_enabled":true,"_links":{"self":[{"href":"https:\/\/rnoticias.com.mx\/Portal\/wp-json\/wp\/v2\/posts\/239723","targetHints":{"allow":["GET"]}}],"collection":[{"href":"https:\/\/rnoticias.com.mx\/Portal\/wp-json\/wp\/v2\/posts"}],"about":[{"href":"https:\/\/rnoticias.com.mx\/Portal\/wp-json\/wp\/v2\/types\/post"}],"author":[{"embeddable":true,"href":"https:\/\/rnoticias.com.mx\/Portal\/wp-json\/wp\/v2\/users\/2"}],"replies":[{"embeddable":true,"href":"https:\/\/rnoticias.com.mx\/Portal\/wp-json\/wp\/v2\/comments?post=239723"}],"version-history":[{"count":1,"href":"https:\/\/rnoticias.com.mx\/Portal\/wp-json\/wp\/v2\/posts\/239723\/revisions"}],"predecessor-version":[{"id":239725,"href":"https:\/\/rnoticias.com.mx\/Portal\/wp-json\/wp\/v2\/posts\/239723\/revisions\/239725"}],"wp:featuredmedia":[{"embeddable":true,"href":"https:\/\/rnoticias.com.mx\/Portal\/wp-json\/wp\/v2\/media\/239724"}],"wp:attachment":[{"href":"https:\/\/rnoticias.com.mx\/Portal\/wp-json\/wp\/v2\/media?parent=239723"}],"wp:term":[{"taxonomy":"category","embeddable":true,"href":"https:\/\/rnoticias.com.mx\/Portal\/wp-json\/wp\/v2\/categories?post=239723"},{"taxonomy":"post_tag","embeddable":true,"href":"https:\/\/rnoticias.com.mx\/Portal\/wp-json\/wp\/v2\/tags?post=239723"}],"curies":[{"name":"wp","href":"https:\/\/api.w.org\/{rel}","templated":true}]}}