{"id":239720,"date":"2025-12-29T13:02:45","date_gmt":"2025-12-29T20:02:45","guid":{"rendered":"https:\/\/rnoticias.com.mx\/Portal\/?p=239720"},"modified":"2025-12-29T13:02:45","modified_gmt":"2025-12-29T20:02:45","slug":"ferias-de-empleo-fortalecen-la-movilidad-laboral-en-sonora-secretaria-del-trabajo","status":"publish","type":"post","link":"https:\/\/rnoticias.com.mx\/Portal\/2025\/12\/29\/ferias-de-empleo-fortalecen-la-movilidad-laboral-en-sonora-secretaria-del-trabajo\/","title":{"rendered":"Ferias de Empleo fortalecen la movilidad laboral en Sonora: Secretar\u00eda del Trabajo"},"content":{"rendered":"<p>Hermosillo, Sonora; 29 de diciembre de 2025.\u2013 Con el objetivo de que m\u00e1s personas accedan a un empleo digno dentro de su propia comunidad, la Secretar\u00eda del Trabajo del Gobierno de Sonora, en coordinaci\u00f3n con el Servicio Nacional de Empleo (SNE), ha realizado en lo que va del a\u00f1o 14 Ferias de Empleo y m\u00e1s 200 Jornadas de Reclutamiento en distintos municipios del estado este 2025.<\/p>\n<p>Estas acciones han permitido acercar oportunidades laborales formales a miles de personas buscadoras de empleo. Tan solo durante 2025, se ofertaron seis mil 54 vacantes, derivadas de las distintas Ferias de Empleo, fortaleciendo la vinculaci\u00f3n entre empresas y talento local.<\/p>\n<p>En cada evento participaron empresas de sectores estrat\u00e9gicos como servicios, comercio, industria, log\u00edstica y manufactura, ofreciendo vacantes para perfiles operativos, t\u00e9cnicos y profesionales.<\/p>\n<p>Adem\u00e1s de la oferta laboral, el SNE brind\u00f3 orientaci\u00f3n personalizada, talleres para personas buscadoras de empleo, revisi\u00f3n de curr\u00edculum y asesor\u00eda especializada para mejorar las posibilidades de contrataci\u00f3n de las y los asistentes.<\/p>\n<p>Asimismo, se cont\u00f3 con la participaci\u00f3n de organismos p\u00fablicos como el SAT, la Junta de Conciliaci\u00f3n y Arbitraje (JCA), la Secretar\u00eda de las Mujeres y Finabien, que ofrecieron servicios gratuitos de acompa\u00f1amiento, asesor\u00eda y gesti\u00f3n de documentos, con el prop\u00f3sito de agilizar los tr\u00e1mites requeridos en los procesos de contrataci\u00f3n.<\/p>\n<p>Las actividades se llevaron a cabo en municipios estrat\u00e9gicos como Hermosillo, Cajeme, Navojoa, San Luis R\u00edo Colorado y Nogales, con el fin de acercar las oportunidades laborales, reducir las distancias que enfrentan muchas personas al buscar empleo y garantizar que estos beneficios lleguen a todas las regiones del estado.<\/p>\n<p>Con el respaldo del gobernador Alfonso Durazo, la Secretar\u00eda del Trabajo reafirma su compromiso de impulsar el empleo formal, fortalecer la econom\u00eda familiar y facilitar la movilidad laboral en beneficio de las y los sonorenses.<\/p>\n","protected":false},"excerpt":{"rendered":"<p>Hermosillo, Sonora; 29 de diciembre de 2025.\u2013 Con el objetivo de que m\u00e1s personas accedan a un empleo digno dentro de su propia comunidad, la Secretar\u00eda del Trabajo del Gobierno de Sonora, en coordinaci\u00f3n con el Servicio Nacional de Empleo (SNE), ha realizado en lo que va del a\u00f1o 14 Ferias de Empleo y m\u00e1s [&hellip;]<\/p>\n","protected":false},"author":2,"featured_media":239721,"comment_status":"closed","ping_status":"closed","sticky":false,"template":"","format":"standard","meta":{"footnotes":""},"categories":[12870,174],"tags":[12865,12873],"class_list":["post-239720","post","type-post","status-publish","format-standard","has-post-thumbnail","hentry","category-destacadas","category-estatal","tag-destacadas","tag-estatal"],"jetpack_featured_media_url":"https:\/\/rnoticias.com.mx\/Portal\/wp-content\/uploads\/2025\/12\/unnamed-80.jpg","amp_enabled":true,"_links":{"self":[{"href":"https:\/\/rnoticias.com.mx\/Portal\/wp-json\/wp\/v2\/posts\/239720","targetHints":{"allow":["GET"]}}],"collection":[{"href":"https:\/\/rnoticias.com.mx\/Portal\/wp-json\/wp\/v2\/posts"}],"about":[{"href":"https:\/\/rnoticias.com.mx\/Portal\/wp-json\/wp\/v2\/types\/post"}],"author":[{"embeddable":true,"href":"https:\/\/rnoticias.com.mx\/Portal\/wp-json\/wp\/v2\/users\/2"}],"replies":[{"embeddable":true,"href":"https:\/\/rnoticias.com.mx\/Portal\/wp-json\/wp\/v2\/comments?post=239720"}],"version-history":[{"count":1,"href":"https:\/\/rnoticias.com.mx\/Portal\/wp-json\/wp\/v2\/posts\/239720\/revisions"}],"predecessor-version":[{"id":239722,"href":"https:\/\/rnoticias.com.mx\/Portal\/wp-json\/wp\/v2\/posts\/239720\/revisions\/239722"}],"wp:featuredmedia":[{"embeddable":true,"href":"https:\/\/rnoticias.com.mx\/Portal\/wp-json\/wp\/v2\/media\/239721"}],"wp:attachment":[{"href":"https:\/\/rnoticias.com.mx\/Portal\/wp-json\/wp\/v2\/media?parent=239720"}],"wp:term":[{"taxonomy":"category","embeddable":true,"href":"https:\/\/rnoticias.com.mx\/Portal\/wp-json\/wp\/v2\/categories?post=239720"},{"taxonomy":"post_tag","embeddable":true,"href":"https:\/\/rnoticias.com.mx\/Portal\/wp-json\/wp\/v2\/tags?post=239720"}],"curies":[{"name":"wp","href":"https:\/\/api.w.org\/{rel}","templated":true}]}}