{"id":239714,"date":"2025-12-29T12:58:44","date_gmt":"2025-12-29T19:58:44","guid":{"rendered":"https:\/\/rnoticias.com.mx\/Portal\/?p=239714"},"modified":"2025-12-29T12:58:44","modified_gmt":"2025-12-29T19:58:44","slug":"claudia-sheinbaum-ira-a-oaxaca-vera-a-familias-tras-accidente-ferroviario","status":"publish","type":"post","link":"https:\/\/rnoticias.com.mx\/Portal\/2025\/12\/29\/claudia-sheinbaum-ira-a-oaxaca-vera-a-familias-tras-accidente-ferroviario\/","title":{"rendered":"Claudia Sheinbaum ir\u00e1 a Oaxaca; ver\u00e1 a familias tras accidente ferroviario"},"content":{"rendered":"<p><mark><strong>La Presidenta Claudia Sheinbaum anunci\u00f3 durante la conferencia matutina de este lunes, que viajar\u00e1 a Oaxaca para hablar con las familias de las personas fallecidas y heridas,<\/strong><\/mark>\u00a0tras el accidente del Tren Interoce\u00e1nico ocurrido este domingo.<\/p>\n<p><strong>Sheinbaum lament\u00f3 y envi\u00f3 su p\u00e9same a todas las familias de las 13 personas fallecidas y su solidaridad con las personas lesionadas.<\/strong><\/p>\n<p><strong>&#8220;Nuestro p\u00e9same y solidaridad a todas las familias&#8221;,<\/strong>\u00a0dijo la Mandataria federal.<\/p>\n<p><mark><strong>La jefa del Ejecutivo federal indic\u00f3 que el almirante Raymundo Pedro Morales \u00c1ngeles, secretaria de la Marina (Semar);\u00a0<\/strong><\/mark>el subsecretario de Gobernaci\u00f3n, F\u00e9lix Arturo Medina Padilla, y Zo\u00e9 Robledo, titular del IMSS, se encuentran en la zona para atender a las familias de manera personal.<\/p>\n<h2>Actualizaci\u00f3n tras accidente<\/h2>\n<p>A trav\u00e9s de una videollamada, el almirante Raymundo Pedro Morales \u00c1ngeles, titular de la Secretar\u00eda De Marina (Semar),<strong>\u00a0report\u00f3 que de las 13 personas fallecidas en el descarrilamiento del Tren Interoce\u00e1nico, 12 han sido localizadas y una contin\u00faa en labores de b\u00fasqueda.<\/strong><\/p>\n<p><mark><strong>Adem\u00e1s se mencion\u00f3 que entre las v\u00edctimas mortales se encuentra una ni\u00f1a.<\/strong><\/mark><\/p>\n<p><strong>El secretario de Marina expres\u00f3 sus condolencias y coment\u00f3 que de las 250 personas a bordo,\u00a0<\/strong>nueve fueron atendidas en sitio, 109 en hospitales y 34 est\u00e1n hospitalizadas.<\/p>\n<p><strong>El almirante explic\u00f3 que se descarril\u00f3 la locomotora, lo que llev\u00f3 a que los cuatro vagones se salieran de las v\u00edas;<\/strong>\u00a0el primer vag\u00f3n se desliz\u00f3 sobre el talud a 6.5 metros de profundidad; el segundo qued\u00f3 parcialmente suspendido; y los otros dos quedaron sin da\u00f1os graves.<\/p>\n<p><mark><strong>La toma de hechos, refiri\u00f3 el titular de la Semar, est\u00e1 a cargo de la Fiscal\u00eda General de la Rep\u00fablica y de la Fiscal\u00eda General del estado de Oaxaca<\/strong><\/mark>. Agreg\u00f3 que este d\u00eda, en coordinaci\u00f3n con la Secretar\u00eda de Infraestructura, Comunicaciones y Transporte y la Agencia Reguladora de Transporte Ferroviario, se va a dar la evaluaci\u00f3n t\u00e9cnica de los hechos.<\/p>\n<p><strong>&#8220;Se encuentra todo bajo cadena de custodia, incluyendo la caja negra ferroviaria&#8221;,\u00a0<\/strong>dijo el almirante, al destacar el despliegue de elementos y veh\u00edculos, as\u00ed como empresas privadas que tambi\u00e9n asistieron.<\/p>\n<p><mark><strong>Detall\u00f3 que el Tren cuenta con dos p\u00f3lizas de seguro: una para pasajeros y otra para el equipo ferroviario y la infraestructura de la v\u00eda.<\/strong><\/mark><\/p>\n","protected":false},"excerpt":{"rendered":"<p>La Presidenta Claudia Sheinbaum anunci\u00f3 durante la conferencia matutina de este lunes, que viajar\u00e1 a Oaxaca para hablar con las familias de las personas fallecidas y heridas,\u00a0tras el accidente del Tren Interoce\u00e1nico ocurrido este domingo. Sheinbaum lament\u00f3 y envi\u00f3 su p\u00e9same a todas las familias de las 13 personas fallecidas y su solidaridad con las [&hellip;]<\/p>\n","protected":false},"author":2,"featured_media":239715,"comment_status":"closed","ping_status":"closed","sticky":false,"template":"","format":"standard","meta":{"footnotes":""},"categories":[12870,172],"tags":[12865,12874],"class_list":["post-239714","post","type-post","status-publish","format-standard","has-post-thumbnail","hentry","category-destacadas","category-nacional","tag-destacadas","tag-nacional"],"jetpack_featured_media_url":"https:\/\/rnoticias.com.mx\/Portal\/wp-content\/uploads\/2025\/12\/56e8ec73327ab2a013b000e543dbb9a4.webp","amp_enabled":true,"_links":{"self":[{"href":"https:\/\/rnoticias.com.mx\/Portal\/wp-json\/wp\/v2\/posts\/239714","targetHints":{"allow":["GET"]}}],"collection":[{"href":"https:\/\/rnoticias.com.mx\/Portal\/wp-json\/wp\/v2\/posts"}],"about":[{"href":"https:\/\/rnoticias.com.mx\/Portal\/wp-json\/wp\/v2\/types\/post"}],"author":[{"embeddable":true,"href":"https:\/\/rnoticias.com.mx\/Portal\/wp-json\/wp\/v2\/users\/2"}],"replies":[{"embeddable":true,"href":"https:\/\/rnoticias.com.mx\/Portal\/wp-json\/wp\/v2\/comments?post=239714"}],"version-history":[{"count":1,"href":"https:\/\/rnoticias.com.mx\/Portal\/wp-json\/wp\/v2\/posts\/239714\/revisions"}],"predecessor-version":[{"id":239716,"href":"https:\/\/rnoticias.com.mx\/Portal\/wp-json\/wp\/v2\/posts\/239714\/revisions\/239716"}],"wp:featuredmedia":[{"embeddable":true,"href":"https:\/\/rnoticias.com.mx\/Portal\/wp-json\/wp\/v2\/media\/239715"}],"wp:attachment":[{"href":"https:\/\/rnoticias.com.mx\/Portal\/wp-json\/wp\/v2\/media?parent=239714"}],"wp:term":[{"taxonomy":"category","embeddable":true,"href":"https:\/\/rnoticias.com.mx\/Portal\/wp-json\/wp\/v2\/categories?post=239714"},{"taxonomy":"post_tag","embeddable":true,"href":"https:\/\/rnoticias.com.mx\/Portal\/wp-json\/wp\/v2\/tags?post=239714"}],"curies":[{"name":"wp","href":"https:\/\/api.w.org\/{rel}","templated":true}]}}