{"id":239702,"date":"2025-12-29T12:48:39","date_gmt":"2025-12-29T19:48:39","guid":{"rendered":"https:\/\/rnoticias.com.mx\/Portal\/?p=239702"},"modified":"2025-12-29T12:48:39","modified_gmt":"2025-12-29T19:48:39","slug":"zelenski-asegura-estar-listo-para-reunirse-con-putin-tras-su-ultimo-encuentro-con-trump","status":"publish","type":"post","link":"https:\/\/rnoticias.com.mx\/Portal\/2025\/12\/29\/zelenski-asegura-estar-listo-para-reunirse-con-putin-tras-su-ultimo-encuentro-con-trump\/","title":{"rendered":"Zelenski asegura estar listo para reunirse con Putin tras su \u00faltimo encuentro con Trump"},"content":{"rendered":"<p>El presidente de Ucrania,\u00a0Volod\u00edmir\u00a0Zelenski, afirm\u00f3 que est\u00e1 listo para reunirse con su hom\u00f3logo ruso,\u00a0Vlad\u00edmir\u00a0Putin, para abordar la paz en la guerra ruso-ucraniana\u00a0tras el \u00faltimo encuentro del l\u00edder del pa\u00eds invadido por Rusia con el jefe de Estado estadounidense, Donald Trump.<\/p>\n<p>&#8220;C\u00f3mo encontrarnos, en qu\u00e9 formato, nos da igual. Estamos listos&#8221;, dijo Zelenski en unas declaraciones recogidas por la agencia &#8216;Ukrinform&#8217; este lunes, tras el encuentro de tres horas con Trump que mantuvo el presidente ucraniano el domingo en la residencia de Mar-a-Lago (Florida).<\/p>\n<p><strong>Zelenski tambi\u00e9n indic\u00f3, sin embargo, que Mosc\u00fa debe ser coherente en lo que dice y hace su presidente, en vista de que Rusia mantiene sus ataques contra Ucrania.<\/strong><\/p>\n<p>&#8220;Es importante que las acciones y las palabras del l\u00edder ruso coincidan&#8221;, coment\u00f3 Zelenski, quien dijo que le parec\u00eda &#8220;un poco extra\u00f1o&#8221; que Putin dijera a Trump que &#8220;quiere acabar la guerra&#8221;, pero, por otro lado, &#8220;comunica abiertamente en los medios, en todos sus mensajes, que est\u00e1 preparado y que quiere continuar con la guerra&#8221;.<\/p>\n<p>&#8220;Nos ataca con misiles, habla abiertamente de ello, se regocija por los resultados de la destrucci\u00f3n de infraestructuras civiles, da \u00f3rdenes a sus generales sobre d\u00f3nde ir, qu\u00e9 capturar, etc\u00e9tera&#8221;, agreg\u00f3 Zelenski.<\/p>\n<p><strong>El presidente ucraniano hizo estas declaraciones despu\u00e9s de su cita del domingo con Trump, donde ambos proyectaron un mensaje de avances hacia la paz, aunque no cerraron un pacto y tampoco resolvieron &#8220;cuestiones espinosas&#8221; pendientes.<\/strong><\/p>\n<p><strong>El encuentro lleg\u00f3 despu\u00e9s de una llamada entre Trump y Putin, y tras varias reuniones entre Zelenski y funcionarios del gobierno de Trump.<\/strong><\/p>\n<p>Zelenski\u00a0y\u00a0Trump\u00a0adelantaron que tanto Rusia como Ucrania acordaron crear &#8220;grupos de trabajo&#8221; compuestos por los principales colaboradores del presidente estadounidense para finalizar un acuerdo de paz sobre el conflicto en Ucrania &#8220;en las pr\u00f3ximas semanas&#8221;.<\/p>\n<p>Sin embargo, no especificaron fechas para las reuniones de estos grupos, ni tampoco lugares.<\/p>\n<p>&#8220;Mantuvimos una conversaci\u00f3n significativa sobre todos los temas y valoramos mucho los avances que los equipos ucraniano y estadounidense han logrado en las \u00faltimas semanas&#8221;, se\u00f1al\u00f3 Zelenski sobre su reuni\u00f3n con Trump en su cuenta de Telegram en la noche del domingo.<\/p>\n<p>&#8220;Ucrania est\u00e1 lista para la paz&#8221;, indic\u00f3 Zelenski, tras apuntar que en Mar-a-Lago, entre otras cosas, se acordaron nuevas reuniones para esta semana entre responsables de sus equipos y la organizaci\u00f3n en Washington de una cita en enero en la que Trump recibir\u00e1 a l\u00edderes europeos, incluidos representantes de Ucrania.<\/p>\n","protected":false},"excerpt":{"rendered":"<p>El presidente de Ucrania,\u00a0Volod\u00edmir\u00a0Zelenski, afirm\u00f3 que est\u00e1 listo para reunirse con su hom\u00f3logo ruso,\u00a0Vlad\u00edmir\u00a0Putin, para abordar la paz en la guerra ruso-ucraniana\u00a0tras el \u00faltimo encuentro del l\u00edder del pa\u00eds invadido por Rusia con el jefe de Estado estadounidense, Donald Trump. &#8220;C\u00f3mo encontrarnos, en qu\u00e9 formato, nos da igual. Estamos listos&#8221;, dijo Zelenski en unas declaraciones [&hellip;]<\/p>\n","protected":false},"author":2,"featured_media":239703,"comment_status":"closed","ping_status":"closed","sticky":false,"template":"","format":"standard","meta":{"footnotes":""},"categories":[12870,182],"tags":[12865,12871],"class_list":["post-239702","post","type-post","status-publish","format-standard","has-post-thumbnail","hentry","category-destacadas","category-internacional","tag-destacadas","tag-internacional"],"jetpack_featured_media_url":"https:\/\/rnoticias.com.mx\/Portal\/wp-content\/uploads\/2025\/12\/2025-12-09T194451Z-2009550826-RC26DIANUJ03-RTRMADP-3-UKRAINE-CRISIS-ZELENSKIY-PEACE.jpg","amp_enabled":true,"_links":{"self":[{"href":"https:\/\/rnoticias.com.mx\/Portal\/wp-json\/wp\/v2\/posts\/239702","targetHints":{"allow":["GET"]}}],"collection":[{"href":"https:\/\/rnoticias.com.mx\/Portal\/wp-json\/wp\/v2\/posts"}],"about":[{"href":"https:\/\/rnoticias.com.mx\/Portal\/wp-json\/wp\/v2\/types\/post"}],"author":[{"embeddable":true,"href":"https:\/\/rnoticias.com.mx\/Portal\/wp-json\/wp\/v2\/users\/2"}],"replies":[{"embeddable":true,"href":"https:\/\/rnoticias.com.mx\/Portal\/wp-json\/wp\/v2\/comments?post=239702"}],"version-history":[{"count":1,"href":"https:\/\/rnoticias.com.mx\/Portal\/wp-json\/wp\/v2\/posts\/239702\/revisions"}],"predecessor-version":[{"id":239704,"href":"https:\/\/rnoticias.com.mx\/Portal\/wp-json\/wp\/v2\/posts\/239702\/revisions\/239704"}],"wp:featuredmedia":[{"embeddable":true,"href":"https:\/\/rnoticias.com.mx\/Portal\/wp-json\/wp\/v2\/media\/239703"}],"wp:attachment":[{"href":"https:\/\/rnoticias.com.mx\/Portal\/wp-json\/wp\/v2\/media?parent=239702"}],"wp:term":[{"taxonomy":"category","embeddable":true,"href":"https:\/\/rnoticias.com.mx\/Portal\/wp-json\/wp\/v2\/categories?post=239702"},{"taxonomy":"post_tag","embeddable":true,"href":"https:\/\/rnoticias.com.mx\/Portal\/wp-json\/wp\/v2\/tags?post=239702"}],"curies":[{"name":"wp","href":"https:\/\/api.w.org\/{rel}","templated":true}]}}