{"id":239631,"date":"2025-12-27T14:17:55","date_gmt":"2025-12-27T21:17:55","guid":{"rendered":"https:\/\/rnoticias.com.mx\/Portal\/?p=239631"},"modified":"2025-12-27T14:17:55","modified_gmt":"2025-12-27T21:17:55","slug":"fiscalia-formulo-imputacion-a-diversas-personas-por-el-siniestro-en-tienda-waldos-en-hermosillo","status":"publish","type":"post","link":"https:\/\/rnoticias.com.mx\/Portal\/2025\/12\/27\/fiscalia-formulo-imputacion-a-diversas-personas-por-el-siniestro-en-tienda-waldos-en-hermosillo\/","title":{"rendered":"Fiscal\u00eda formul\u00f3 imputaci\u00f3n a diversas personas por el siniestro en tienda Waldo\u2019s en Hermosillo"},"content":{"rendered":"<p>Hermosillo, Sonora, 26 de diciembre de 2025.- En relaci\u00f3n a los hechos que propiciaron el siniestro de la tienda Waldo\u2019s, la Fiscal\u00eda General de Justicia del Estado de Sonora informa que durante la audiencia realizada este d\u00eda se formul\u00f3 la imputaci\u00f3n en contra de diversas personas detenidas por orden de aprehensi\u00f3n, por su probable responsabilidad en los hechos ocurridos en el establecimiento comercial el pasado 1\u00b0 de noviembre en Hermosillo, Sonora.<\/p>\n<p>Durante el desarrollo de la audiencia que inici\u00f3 a las 9:00 horas, el Juez permiti\u00f3 que la defensa prolongara de manera innecesaria el debate, tolerando argumentos de forma y no de fondo, como la supuesta ilegibilidad de copias y que las mismas no eran a color, pese a que la carpeta de investigaci\u00f3n original y copias fieles fueron puestas oportunamente a disposici\u00f3n de las partes en la administraci\u00f3n del Juzgado Oral Penal del Distrito 1 en Hermosillo.<\/p>\n<p>Asimismo, el Juzgador determin\u00f3 que debido al volumen del expediente, no era posible continuar en la misma audiencia con la fase de vinculaci\u00f3n a proceso, aun y cuando hab\u00eda tiempo para hacerlo, ya que los hechos imputados fueron expuestos de manera clara ante el Juez y las partes y varios de los imputados hab\u00edan comparecido previamente ante el Ministerio P\u00fablico, por lo que conoc\u00edan el expediente.<\/p>\n<p>Derivado de lo anterior, orden\u00f3 la liberaci\u00f3n de cinco personas detenidas, no por acreditarse su inocencia o su indebida detenci\u00f3n, sino bajo el argumento de conceder mayor tiempo a la defensa para imponerse de la carpeta de investigaci\u00f3n, otorgando un plazo de 18 d\u00edas, cuando la Constituci\u00f3n de los Estados Unidos Mexicanos y el C\u00f3digo Nacional de Procedimientos Penales establece un m\u00e1ximo de 144 horas.<\/p>\n<p>Ante esta resoluci\u00f3n, el Ministerio P\u00fablico del Fuero Com\u00fan no comparte el criterio adoptado y promover\u00e1 los recursos legales correspondientes para impugnar dicha determinaci\u00f3n.<\/p>\n<p>La Fiscal\u00eda mantendr\u00e1 firme la pretensi\u00f3n punitiva del Estado y continuar\u00e1 impulsando las acciones legales necesarias para garantizar el derecho de las v\u00edctimas a la justicia, a la verdad y a una reparaci\u00f3n integral del da\u00f1o.<\/p>\n","protected":false},"excerpt":{"rendered":"<p>Hermosillo, Sonora, 26 de diciembre de 2025.- En relaci\u00f3n a los hechos que propiciaron el siniestro de la tienda Waldo\u2019s, la Fiscal\u00eda General de Justicia del Estado de Sonora informa que durante la audiencia realizada este d\u00eda se formul\u00f3 la imputaci\u00f3n en contra de diversas personas detenidas por orden de aprehensi\u00f3n, por su probable responsabilidad [&hellip;]<\/p>\n","protected":false},"author":2,"featured_media":239632,"comment_status":"closed","ping_status":"closed","sticky":false,"template":"","format":"standard","meta":{"footnotes":""},"categories":[12870,178],"tags":[12865,12869],"class_list":["post-239631","post","type-post","status-publish","format-standard","has-post-thumbnail","hentry","category-destacadas","category-local","tag-destacadas","tag-local"],"jetpack_featured_media_url":"https:\/\/rnoticias.com.mx\/Portal\/wp-content\/uploads\/2025\/12\/400.jpg","amp_enabled":true,"_links":{"self":[{"href":"https:\/\/rnoticias.com.mx\/Portal\/wp-json\/wp\/v2\/posts\/239631","targetHints":{"allow":["GET"]}}],"collection":[{"href":"https:\/\/rnoticias.com.mx\/Portal\/wp-json\/wp\/v2\/posts"}],"about":[{"href":"https:\/\/rnoticias.com.mx\/Portal\/wp-json\/wp\/v2\/types\/post"}],"author":[{"embeddable":true,"href":"https:\/\/rnoticias.com.mx\/Portal\/wp-json\/wp\/v2\/users\/2"}],"replies":[{"embeddable":true,"href":"https:\/\/rnoticias.com.mx\/Portal\/wp-json\/wp\/v2\/comments?post=239631"}],"version-history":[{"count":1,"href":"https:\/\/rnoticias.com.mx\/Portal\/wp-json\/wp\/v2\/posts\/239631\/revisions"}],"predecessor-version":[{"id":239633,"href":"https:\/\/rnoticias.com.mx\/Portal\/wp-json\/wp\/v2\/posts\/239631\/revisions\/239633"}],"wp:featuredmedia":[{"embeddable":true,"href":"https:\/\/rnoticias.com.mx\/Portal\/wp-json\/wp\/v2\/media\/239632"}],"wp:attachment":[{"href":"https:\/\/rnoticias.com.mx\/Portal\/wp-json\/wp\/v2\/media?parent=239631"}],"wp:term":[{"taxonomy":"category","embeddable":true,"href":"https:\/\/rnoticias.com.mx\/Portal\/wp-json\/wp\/v2\/categories?post=239631"},{"taxonomy":"post_tag","embeddable":true,"href":"https:\/\/rnoticias.com.mx\/Portal\/wp-json\/wp\/v2\/tags?post=239631"}],"curies":[{"name":"wp","href":"https:\/\/api.w.org\/{rel}","templated":true}]}}