{"id":239627,"date":"2025-12-27T10:10:38","date_gmt":"2025-12-27T17:10:38","guid":{"rendered":"https:\/\/rnoticias.com.mx\/Portal\/?p=239627"},"modified":"2025-12-27T10:10:38","modified_gmt":"2025-12-27T17:10:38","slug":"mexico-es-segundo-lugar-mundial-con-menor-desempleo-destaca-claudia-sheinbaum","status":"publish","type":"post","link":"https:\/\/rnoticias.com.mx\/Portal\/2025\/12\/27\/mexico-es-segundo-lugar-mundial-con-menor-desempleo-destaca-claudia-sheinbaum\/","title":{"rendered":"M\u00e9xico es segundo lugar mundial con menor desempleo, destaca Claudia Sheinbaum"},"content":{"rendered":"<p class=\"nota-justify\">M\u00e9xico ocupa el segundo lugar a nivel mundial con la menor tasa de desempleo, s\u00f3lo detr\u00e1s de Jap\u00f3n, el cual, con 2.6 por ciento de desocupaci\u00f3n, se encuentra en el primer sitio en este rengl\u00f3n, apenas una d\u00e9cima porcentual por arriba de nuestro pa\u00eds, que tiene 2.7 por ciento; as\u00ed lo dio a conocer en sus redes sociales la presidenta Claudia Sheinbaum Pardo, donde incluy\u00f3 una tabla comparativa con varios pa\u00edses desarrollados.<\/p>\n<p class=\"nota-justify\">El pa\u00eds supera los niveles de empleo de Alemania, que tiene una tasa de desocupaci\u00f3n de 3.6 por ciento, y de Estados Unidos, que reporta 4.6. En el comparativo de Sheinbaum se incluyen otras naciones con mayor desempleo que M\u00e9xico: Holanda, 4 por ciento; Australia, 4,3; Italia, 6 por ciento; B\u00e9lgica, 6.4; Francia, 7.7; Suecia, 9.1; Finlandia, 10.3, y Espa\u00f1a, 10.5 por ciento, entre otros.<\/p>\n<p class=\"nota-justify\">Apenas hace dos semanas, el Instituto Mexicano del Seguro Social report\u00f3 que, conforme a los datos hasta noviembre pasado, el pa\u00eds alcanz\u00f3 un nuevo r\u00e9cord de empleo formal con 22 millones 837 mil 768 puestos de trabajo afiliados a esa dependencia, \u201cla cifra m\u00e1s alta en la historia del instituto desde que se tiene registro\u201d.<\/p>\n<p class=\"nota-justify\">Conforme al reporte del IMSS, hasta noviembre de 2025 se crearon 599 mil puestos de trabajo, lo que representa una tasa de crecimiento de 2.7 por ciento; indic\u00f3, adem\u00e1s, que del total de empleados afiliados al Seguro Social, 40.4 por ciento corresponden a mujeres, esto es, 9 millones 229 mil.<\/p>\n<p>&nbsp;<\/p>\n<p>&nbsp;<\/p>\n<p>Fuente: La Jornada<\/p>\n","protected":false},"excerpt":{"rendered":"<p>M\u00e9xico ocupa el segundo lugar a nivel mundial con la menor tasa de desempleo, s\u00f3lo detr\u00e1s de Jap\u00f3n, el cual, con 2.6 por ciento de desocupaci\u00f3n, se encuentra en el primer sitio en este rengl\u00f3n, apenas una d\u00e9cima porcentual por arriba de nuestro pa\u00eds, que tiene 2.7 por ciento; as\u00ed lo dio a conocer en [&hellip;]<\/p>\n","protected":false},"author":2,"featured_media":239628,"comment_status":"closed","ping_status":"closed","sticky":false,"template":"","format":"standard","meta":{"footnotes":""},"categories":[12870,172],"tags":[12865,12874],"class_list":["post-239627","post","type-post","status-publish","format-standard","has-post-thumbnail","hentry","category-destacadas","category-nacional","tag-destacadas","tag-nacional"],"jetpack_featured_media_url":"https:\/\/rnoticias.com.mx\/Portal\/wp-content\/uploads\/2025\/12\/CLAUDIA-1.jpg","amp_enabled":true,"_links":{"self":[{"href":"https:\/\/rnoticias.com.mx\/Portal\/wp-json\/wp\/v2\/posts\/239627","targetHints":{"allow":["GET"]}}],"collection":[{"href":"https:\/\/rnoticias.com.mx\/Portal\/wp-json\/wp\/v2\/posts"}],"about":[{"href":"https:\/\/rnoticias.com.mx\/Portal\/wp-json\/wp\/v2\/types\/post"}],"author":[{"embeddable":true,"href":"https:\/\/rnoticias.com.mx\/Portal\/wp-json\/wp\/v2\/users\/2"}],"replies":[{"embeddable":true,"href":"https:\/\/rnoticias.com.mx\/Portal\/wp-json\/wp\/v2\/comments?post=239627"}],"version-history":[{"count":1,"href":"https:\/\/rnoticias.com.mx\/Portal\/wp-json\/wp\/v2\/posts\/239627\/revisions"}],"predecessor-version":[{"id":239629,"href":"https:\/\/rnoticias.com.mx\/Portal\/wp-json\/wp\/v2\/posts\/239627\/revisions\/239629"}],"wp:featuredmedia":[{"embeddable":true,"href":"https:\/\/rnoticias.com.mx\/Portal\/wp-json\/wp\/v2\/media\/239628"}],"wp:attachment":[{"href":"https:\/\/rnoticias.com.mx\/Portal\/wp-json\/wp\/v2\/media?parent=239627"}],"wp:term":[{"taxonomy":"category","embeddable":true,"href":"https:\/\/rnoticias.com.mx\/Portal\/wp-json\/wp\/v2\/categories?post=239627"},{"taxonomy":"post_tag","embeddable":true,"href":"https:\/\/rnoticias.com.mx\/Portal\/wp-json\/wp\/v2\/tags?post=239627"}],"curies":[{"name":"wp","href":"https:\/\/api.w.org\/{rel}","templated":true}]}}