{"id":239618,"date":"2025-12-27T09:50:34","date_gmt":"2025-12-27T16:50:34","guid":{"rendered":"https:\/\/rnoticias.com.mx\/Portal\/?p=239618"},"modified":"2025-12-27T09:50:34","modified_gmt":"2025-12-27T16:50:34","slug":"bosque-urbano-la-sauceda-ejemplo-de-recuperacion-ambiental-y-participacion-ciudadana-en-sonora","status":"publish","type":"post","link":"https:\/\/rnoticias.com.mx\/Portal\/2025\/12\/27\/bosque-urbano-la-sauceda-ejemplo-de-recuperacion-ambiental-y-participacion-ciudadana-en-sonora\/","title":{"rendered":"Bosque Urbano La Sauceda, ejemplo de recuperaci\u00f3n ambiental y participaci\u00f3n ciudadana en Sonora"},"content":{"rendered":"<p>Hermosillo, Sonora; 27 de diciembre de 2025.- El Bosque Urbano La Sauceda presenta avances significativos en su proceso de recuperaci\u00f3n ambiental y fortalecimiento de la participaci\u00f3n ciudadana, consolid\u00e1ndose como un espacio de referencia en acciones de restauraci\u00f3n ecol\u00f3gica.<\/p>\n<p>En coordinaci\u00f3n con la Comisi\u00f3n Nacional Forestal (Conafor), se llev\u00f3 a cabo el proyecto \u201cRestauraci\u00f3n y transformaci\u00f3n de La Sauceda a bosque urbano\u201d, mediante el cual se logr\u00f3 la plantaci\u00f3n de cuatro mil 176 \u00e1rboles de especies nativas en 13.8 hect\u00e1reas, convirtiendo a La Sauceda en un referente como el primer Bosque Urbano \u00c1rido del noreste del pa\u00eds, con beneficios directos en la captura de carbono, la reducci\u00f3n de temperaturas urbanas y el fortalecimiento de la biodiversidad.<\/p>\n<p>Este esfuerzo ha sido posible gracias a la participaci\u00f3n activa de colectivos ciudadanos, as\u00ed como de escuelas, estudiantes universitarios y personas voluntarias independientes, quienes han contribuido no solo al crecimiento del bosque, sino tambi\u00e9n a su cuidado permanente, generando una verdadera apropiaci\u00f3n social del espacio.<\/p>\n<p>A trav\u00e9s del Laboratorio de Educaci\u00f3n Ambiental, se realizaron m\u00e1s de 126 actividades durante el a\u00f1o, entre ellas jornadas de reforestaci\u00f3n, charlas, talleres, recorridos de observaci\u00f3n de aves y plantas nativas, exposiciones, documentales y actividades comunitarias. Destacan los programas permanentes \u201cEconversando\u201d y \u201cPeque\u00f1os Guardabosques\u201d, que fomentan la divulgaci\u00f3n cient\u00edfica y la cultura ambiental desde edades tempranas, respectivamente.<\/p>\n<p>Asimismo, sobresale el Taller de Bioconstrucci\u00f3n y Paisaje Nativo, en el que se rehabilitaron m\u00e1s de 13 palapas elaboradas con carrizo mediante t\u00e9cnicas sustentables, fortaleciendo la cultura ambiental y la participaci\u00f3n comunitaria.<\/p>\n<p>Estos logros consolidan a La Sauceda como un modelo de transformaci\u00f3n ambiental, participaci\u00f3n social y educaci\u00f3n ambiental al servicio de las familias sonorenses.<\/p>\n","protected":false},"excerpt":{"rendered":"<p>Hermosillo, Sonora; 27 de diciembre de 2025.- El Bosque Urbano La Sauceda presenta avances significativos en su proceso de recuperaci\u00f3n ambiental y fortalecimiento de la participaci\u00f3n ciudadana, consolid\u00e1ndose como un espacio de referencia en acciones de restauraci\u00f3n ecol\u00f3gica. En coordinaci\u00f3n con la Comisi\u00f3n Nacional Forestal (Conafor), se llev\u00f3 a cabo el proyecto \u201cRestauraci\u00f3n y transformaci\u00f3n [&hellip;]<\/p>\n","protected":false},"author":2,"featured_media":239619,"comment_status":"closed","ping_status":"closed","sticky":false,"template":"","format":"standard","meta":{"footnotes":""},"categories":[12870,178],"tags":[12865,12869],"class_list":["post-239618","post","type-post","status-publish","format-standard","has-post-thumbnail","hentry","category-destacadas","category-local","tag-destacadas","tag-local"],"jetpack_featured_media_url":"https:\/\/rnoticias.com.mx\/Portal\/wp-content\/uploads\/2025\/12\/unnamed-2-22.jpg","amp_enabled":true,"_links":{"self":[{"href":"https:\/\/rnoticias.com.mx\/Portal\/wp-json\/wp\/v2\/posts\/239618","targetHints":{"allow":["GET"]}}],"collection":[{"href":"https:\/\/rnoticias.com.mx\/Portal\/wp-json\/wp\/v2\/posts"}],"about":[{"href":"https:\/\/rnoticias.com.mx\/Portal\/wp-json\/wp\/v2\/types\/post"}],"author":[{"embeddable":true,"href":"https:\/\/rnoticias.com.mx\/Portal\/wp-json\/wp\/v2\/users\/2"}],"replies":[{"embeddable":true,"href":"https:\/\/rnoticias.com.mx\/Portal\/wp-json\/wp\/v2\/comments?post=239618"}],"version-history":[{"count":1,"href":"https:\/\/rnoticias.com.mx\/Portal\/wp-json\/wp\/v2\/posts\/239618\/revisions"}],"predecessor-version":[{"id":239620,"href":"https:\/\/rnoticias.com.mx\/Portal\/wp-json\/wp\/v2\/posts\/239618\/revisions\/239620"}],"wp:featuredmedia":[{"embeddable":true,"href":"https:\/\/rnoticias.com.mx\/Portal\/wp-json\/wp\/v2\/media\/239619"}],"wp:attachment":[{"href":"https:\/\/rnoticias.com.mx\/Portal\/wp-json\/wp\/v2\/media?parent=239618"}],"wp:term":[{"taxonomy":"category","embeddable":true,"href":"https:\/\/rnoticias.com.mx\/Portal\/wp-json\/wp\/v2\/categories?post=239618"},{"taxonomy":"post_tag","embeddable":true,"href":"https:\/\/rnoticias.com.mx\/Portal\/wp-json\/wp\/v2\/tags?post=239618"}],"curies":[{"name":"wp","href":"https:\/\/api.w.org\/{rel}","templated":true}]}}