{"id":239481,"date":"2025-12-24T11:32:43","date_gmt":"2025-12-24T18:32:43","guid":{"rendered":"https:\/\/rnoticias.com.mx\/Portal\/?p=239481"},"modified":"2025-12-24T11:32:43","modified_gmt":"2025-12-24T18:32:43","slug":"secuestro-en-mexico-disminuyen-24-3-en-noviembre-segun-reporte","status":"publish","type":"post","link":"https:\/\/rnoticias.com.mx\/Portal\/2025\/12\/24\/secuestro-en-mexico-disminuyen-24-3-en-noviembre-segun-reporte\/","title":{"rendered":"Secuestro en M\u00e9xico disminuyen 24.3% en noviembre, seg\u00fan reporte"},"content":{"rendered":"<p>Los\u00a0<strong>secuestros en M\u00e9xico<\/strong>\u00a0disminuyeron un 24,3 % durante\u00a0<strong>noviembre<\/strong>\u00a0de 2025, mientras que el n\u00famero de v\u00edctimas baj\u00f3 un 5,2 %, seg\u00fan el m\u00e1s reciente\u00a0<strong>Reporte Nacional de Secuestro<\/strong>\u00a0de la asociaci\u00f3n civil Alto al Secuestro.<\/p>\n<p>El documento, difundido este mi\u00e9rcoles, detall\u00f3 que en el und\u00e9cimo mes del a\u00f1o se registraron 103 secuestros, 33 casos menos frente a los 136 en octubre. Sobre el n\u00famero de v\u00edctimas,\u00a0<strong>Alto al Secuestro<\/strong>\u00a0indic\u00f3 que se contabilizaron 199 personas, mientras que en octubre este dato alcanz\u00f3 a 225.<\/p>\n<p>Seg\u00fan el reporte,\u00a0<strong>Sinaloa<\/strong>\u00a0concentr\u00f3 la mayor incidencia mensual con 12 secuestros, seguido del Estado de M\u00e9xico (11), Chihuahua y Veracruz (10 cada uno), Sonora (9) y Quintana Roo (6).<\/p>\n<p>En contraste, 10 estados no reportaron secuestros en noviembre: Aguascalientes, Baja California Sur, Campeche, Coahuila, Colima, Durango, Hidalgo, Quer\u00e9taro, Tamaulipas y Yucat\u00e1n.<\/p>\n<p>Por tasa por cada 100.000 habitantes, el reporte ubic\u00f3 a Sinaloa en primer lugar, seguido de Quintana Roo, Sonora y Chihuahua, adem\u00e1s de otras entidades por encima del promedio nacional, entre ellas Nayarit, Tlaxcala,\u00a0<strong>Tabasco<\/strong>, Veracruz, Baja California, Oaxaca y Michoac\u00e1n.<\/p>\n<p>&nbsp;<\/p>\n<p>Fuente: EFE<\/p>\n","protected":false},"excerpt":{"rendered":"<p>Los\u00a0secuestros en M\u00e9xico\u00a0disminuyeron un 24,3 % durante\u00a0noviembre\u00a0de 2025, mientras que el n\u00famero de v\u00edctimas baj\u00f3 un 5,2 %, seg\u00fan el m\u00e1s reciente\u00a0Reporte Nacional de Secuestro\u00a0de la asociaci\u00f3n civil Alto al Secuestro. El documento, difundido este mi\u00e9rcoles, detall\u00f3 que en el und\u00e9cimo mes del a\u00f1o se registraron 103 secuestros, 33 casos menos frente a los 136 [&hellip;]<\/p>\n","protected":false},"author":2,"featured_media":239482,"comment_status":"closed","ping_status":"closed","sticky":false,"template":"","format":"standard","meta":{"footnotes":""},"categories":[12870,172],"tags":[12865,12874],"class_list":["post-239481","post","type-post","status-publish","format-standard","has-post-thumbnail","hentry","category-destacadas","category-nacional","tag-destacadas","tag-nacional"],"jetpack_featured_media_url":"https:\/\/rnoticias.com.mx\/Portal\/wp-content\/uploads\/2025\/12\/sec.jpg","amp_enabled":true,"_links":{"self":[{"href":"https:\/\/rnoticias.com.mx\/Portal\/wp-json\/wp\/v2\/posts\/239481","targetHints":{"allow":["GET"]}}],"collection":[{"href":"https:\/\/rnoticias.com.mx\/Portal\/wp-json\/wp\/v2\/posts"}],"about":[{"href":"https:\/\/rnoticias.com.mx\/Portal\/wp-json\/wp\/v2\/types\/post"}],"author":[{"embeddable":true,"href":"https:\/\/rnoticias.com.mx\/Portal\/wp-json\/wp\/v2\/users\/2"}],"replies":[{"embeddable":true,"href":"https:\/\/rnoticias.com.mx\/Portal\/wp-json\/wp\/v2\/comments?post=239481"}],"version-history":[{"count":1,"href":"https:\/\/rnoticias.com.mx\/Portal\/wp-json\/wp\/v2\/posts\/239481\/revisions"}],"predecessor-version":[{"id":239483,"href":"https:\/\/rnoticias.com.mx\/Portal\/wp-json\/wp\/v2\/posts\/239481\/revisions\/239483"}],"wp:featuredmedia":[{"embeddable":true,"href":"https:\/\/rnoticias.com.mx\/Portal\/wp-json\/wp\/v2\/media\/239482"}],"wp:attachment":[{"href":"https:\/\/rnoticias.com.mx\/Portal\/wp-json\/wp\/v2\/media?parent=239481"}],"wp:term":[{"taxonomy":"category","embeddable":true,"href":"https:\/\/rnoticias.com.mx\/Portal\/wp-json\/wp\/v2\/categories?post=239481"},{"taxonomy":"post_tag","embeddable":true,"href":"https:\/\/rnoticias.com.mx\/Portal\/wp-json\/wp\/v2\/tags?post=239481"}],"curies":[{"name":"wp","href":"https:\/\/api.w.org\/{rel}","templated":true}]}}