{"id":239478,"date":"2025-12-24T09:28:22","date_gmt":"2025-12-24T16:28:22","guid":{"rendered":"https:\/\/rnoticias.com.mx\/Portal\/?p=239478"},"modified":"2025-12-24T09:28:22","modified_gmt":"2025-12-24T16:28:22","slug":"preven-vientos-fuertes-lloviznas-y-contrastes-de-temperatura-en-sonora-durante-la-semana-cepc","status":"publish","type":"post","link":"https:\/\/rnoticias.com.mx\/Portal\/2025\/12\/24\/preven-vientos-fuertes-lloviznas-y-contrastes-de-temperatura-en-sonora-durante-la-semana-cepc\/","title":{"rendered":"Prev\u00e9n vientos fuertes, lloviznas y contrastes de temperatura en Sonora durante la semana: CEPC"},"content":{"rendered":"<p>Hermosillo, Sonora; 24 de diciembre de 2025.- Amaneceres de muy fr\u00edos a fr\u00edos y tardes de templadas a calurosas es el pron\u00f3stico para Sonora durante lo que resta de la semana, inform\u00f3 la Coordinaci\u00f3n Estatal de Protecci\u00f3n Civil (CEPC) en Sonora.<\/p>\n<p>Los d\u00edas 24 y 25 de diciembre, as\u00ed como en los d\u00edas posteriores, se prev\u00e9n rachas de viento de hasta 70 kil\u00f3metros por hora. Las temperaturas nocturnas y de madrugada ser\u00e1n muy fr\u00edas en las zonas serranas, mientras que en las regiones centro y costera se esperan condiciones de frescas a fr\u00edas.<\/p>\n<p>Durante las tardes, en gran parte del territorio estatal se anticipan temperaturas que podr\u00edan acercarse o superar los 30 grados cent\u00edgrados a la sombra.<\/p>\n<p>Una vaguada en niveles medios y altos de la atm\u00f3sfera sobre la costa occidental de Estados Unidos, en interacci\u00f3n con la corriente en chorro polar y un nuevo frente fr\u00edo que se aproximar\u00e1 al noroeste de M\u00e9xico, generar\u00e1 rachas de viento de hasta 70 km\/h en el noroeste del estado.<\/p>\n<p>Asimismo, existe la probabilidad de precipitaciones ligeras a moderadas en municipios del noroeste de Sonora durante la noche de este martes y el d\u00eda 24 de diciembre.<\/p>\n<p>Finalmente, se prev\u00e9 el ingreso de un nuevo frente fr\u00edo el d\u00eda 27 de diciembre, el cual ocasionar\u00e1 rachas de viento fuertes, superiores a 65 km\/h, lluvias ligeras de 0.5 a 5 mil\u00edmetros y un ligero descenso en las temperaturas.<\/p>\n<p>La Coordinaci\u00f3n Estatal de Protecci\u00f3n Civil exhort\u00f3 a la poblaci\u00f3n a mantenerse informada y record\u00f3 que, ante cualquier emergencia, se debe llamar al n\u00famero 9-1-1.<\/p>\n","protected":false},"excerpt":{"rendered":"<p>Hermosillo, Sonora; 24 de diciembre de 2025.- Amaneceres de muy fr\u00edos a fr\u00edos y tardes de templadas a calurosas es el pron\u00f3stico para Sonora durante lo que resta de la semana, inform\u00f3 la Coordinaci\u00f3n Estatal de Protecci\u00f3n Civil (CEPC) en Sonora. Los d\u00edas 24 y 25 de diciembre, as\u00ed como en los d\u00edas posteriores, se [&hellip;]<\/p>\n","protected":false},"author":2,"featured_media":239479,"comment_status":"closed","ping_status":"closed","sticky":false,"template":"","format":"standard","meta":{"footnotes":""},"categories":[12870,178],"tags":[12865,12869],"class_list":["post-239478","post","type-post","status-publish","format-standard","has-post-thumbnail","hentry","category-destacadas","category-local","tag-destacadas","tag-local"],"jetpack_featured_media_url":"https:\/\/rnoticias.com.mx\/Portal\/wp-content\/uploads\/2025\/12\/unnamed-2-20.jpg","amp_enabled":true,"_links":{"self":[{"href":"https:\/\/rnoticias.com.mx\/Portal\/wp-json\/wp\/v2\/posts\/239478","targetHints":{"allow":["GET"]}}],"collection":[{"href":"https:\/\/rnoticias.com.mx\/Portal\/wp-json\/wp\/v2\/posts"}],"about":[{"href":"https:\/\/rnoticias.com.mx\/Portal\/wp-json\/wp\/v2\/types\/post"}],"author":[{"embeddable":true,"href":"https:\/\/rnoticias.com.mx\/Portal\/wp-json\/wp\/v2\/users\/2"}],"replies":[{"embeddable":true,"href":"https:\/\/rnoticias.com.mx\/Portal\/wp-json\/wp\/v2\/comments?post=239478"}],"version-history":[{"count":1,"href":"https:\/\/rnoticias.com.mx\/Portal\/wp-json\/wp\/v2\/posts\/239478\/revisions"}],"predecessor-version":[{"id":239480,"href":"https:\/\/rnoticias.com.mx\/Portal\/wp-json\/wp\/v2\/posts\/239478\/revisions\/239480"}],"wp:featuredmedia":[{"embeddable":true,"href":"https:\/\/rnoticias.com.mx\/Portal\/wp-json\/wp\/v2\/media\/239479"}],"wp:attachment":[{"href":"https:\/\/rnoticias.com.mx\/Portal\/wp-json\/wp\/v2\/media?parent=239478"}],"wp:term":[{"taxonomy":"category","embeddable":true,"href":"https:\/\/rnoticias.com.mx\/Portal\/wp-json\/wp\/v2\/categories?post=239478"},{"taxonomy":"post_tag","embeddable":true,"href":"https:\/\/rnoticias.com.mx\/Portal\/wp-json\/wp\/v2\/tags?post=239478"}],"curies":[{"name":"wp","href":"https:\/\/api.w.org\/{rel}","templated":true}]}}