{"id":239463,"date":"2025-12-24T09:09:37","date_gmt":"2025-12-24T16:09:37","guid":{"rendered":"https:\/\/rnoticias.com.mx\/Portal\/?p=239463"},"modified":"2025-12-24T09:09:37","modified_gmt":"2025-12-24T16:09:37","slug":"ludoteca-ave-badu-a-c-brindara-despensas-a-familias-con-ninas-y-ninos-este-diciembre","status":"publish","type":"post","link":"https:\/\/rnoticias.com.mx\/Portal\/2025\/12\/24\/ludoteca-ave-badu-a-c-brindara-despensas-a-familias-con-ninas-y-ninos-este-diciembre\/","title":{"rendered":"Ludoteca Ave Bad\u00fa A.C. brindar\u00e1 despensas a familias con ni\u00f1as y ni\u00f1os este diciembre"},"content":{"rendered":"<p>Hermosillo, Sonora. Con el objetivo de apoyar a familias en situaci\u00f3n vulnerable durante la temporada decembrina, la ludoteca Ave Bad\u00fa Asociaci\u00f3n Civil anunci\u00f3 la entrega de 10 despensas destinadas a hogares con ni\u00f1as y ni\u00f1os, con o sin discapacidad, que realmente lo necesiten.<\/p>\n<p>&nbsp;<\/p>\n<p>Viviana Bautista Mariscal, directora y fundadora de la asociaci\u00f3n, destac\u00f3 que compartir tambi\u00e9n es una forma de cuidar, por lo que hizo un llamado a la ciudadan\u00eda a sumarse a esta red de apoyo identificando a familias que requieran ayuda alimentaria en estas fechas.<\/p>\n<p>&nbsp;<\/p>\n<p>\u201cSi conoces alguna familia con ni\u00f1as o ni\u00f1os que este diciembre necesiten alimento, no dudes en contactarnos. Nadie deber\u00eda pasar estas fechas con hambre\u201d, expres\u00f3.<\/p>\n<p>&nbsp;<\/p>\n<p>Las personas interesadas en solicitar informaci\u00f3n o canalizar apoyos pueden comunicarse a trav\u00e9s de las redes sociales oficiales de la ludoteca Ave Bad\u00fa A.C. en Instagram y Facebook, donde ser\u00e1n atendidas por mensaje directo.<\/p>\n<p>&nbsp;<\/p>\n<p>La asociaci\u00f3n reiter\u00f3 que las despensas ser\u00e1n otorgadas \u00fanicamente a familias que cumplan con los criterios establecidos y que enfrenten una necesidad real, con el prop\u00f3sito de asegurar que el apoyo llegue a quienes m\u00e1s lo requieren.<\/p>\n<p>&nbsp;<\/p>\n","protected":false},"excerpt":{"rendered":"<p>Hermosillo, Sonora. Con el objetivo de apoyar a familias en situaci\u00f3n vulnerable durante la temporada decembrina, la ludoteca Ave Bad\u00fa Asociaci\u00f3n Civil anunci\u00f3 la entrega de 10 despensas destinadas a hogares con ni\u00f1as y ni\u00f1os, con o sin discapacidad, que realmente lo necesiten. &nbsp; Viviana Bautista Mariscal, directora y fundadora de la asociaci\u00f3n, destac\u00f3 que [&hellip;]<\/p>\n","protected":false},"author":2,"featured_media":239464,"comment_status":"closed","ping_status":"closed","sticky":false,"template":"","format":"standard","meta":{"footnotes":""},"categories":[12870,178],"tags":[12865,12869],"class_list":["post-239463","post","type-post","status-publish","format-standard","has-post-thumbnail","hentry","category-destacadas","category-local","tag-destacadas","tag-local"],"jetpack_featured_media_url":"https:\/\/rnoticias.com.mx\/Portal\/wp-content\/uploads\/2025\/12\/294119684_449606300508777_8634777004183133384_n.jpg","amp_enabled":true,"_links":{"self":[{"href":"https:\/\/rnoticias.com.mx\/Portal\/wp-json\/wp\/v2\/posts\/239463","targetHints":{"allow":["GET"]}}],"collection":[{"href":"https:\/\/rnoticias.com.mx\/Portal\/wp-json\/wp\/v2\/posts"}],"about":[{"href":"https:\/\/rnoticias.com.mx\/Portal\/wp-json\/wp\/v2\/types\/post"}],"author":[{"embeddable":true,"href":"https:\/\/rnoticias.com.mx\/Portal\/wp-json\/wp\/v2\/users\/2"}],"replies":[{"embeddable":true,"href":"https:\/\/rnoticias.com.mx\/Portal\/wp-json\/wp\/v2\/comments?post=239463"}],"version-history":[{"count":1,"href":"https:\/\/rnoticias.com.mx\/Portal\/wp-json\/wp\/v2\/posts\/239463\/revisions"}],"predecessor-version":[{"id":239465,"href":"https:\/\/rnoticias.com.mx\/Portal\/wp-json\/wp\/v2\/posts\/239463\/revisions\/239465"}],"wp:featuredmedia":[{"embeddable":true,"href":"https:\/\/rnoticias.com.mx\/Portal\/wp-json\/wp\/v2\/media\/239464"}],"wp:attachment":[{"href":"https:\/\/rnoticias.com.mx\/Portal\/wp-json\/wp\/v2\/media?parent=239463"}],"wp:term":[{"taxonomy":"category","embeddable":true,"href":"https:\/\/rnoticias.com.mx\/Portal\/wp-json\/wp\/v2\/categories?post=239463"},{"taxonomy":"post_tag","embeddable":true,"href":"https:\/\/rnoticias.com.mx\/Portal\/wp-json\/wp\/v2\/tags?post=239463"}],"curies":[{"name":"wp","href":"https:\/\/api.w.org\/{rel}","templated":true}]}}