{"id":239434,"date":"2025-12-23T13:09:29","date_gmt":"2025-12-23T20:09:29","guid":{"rendered":"https:\/\/rnoticias.com.mx\/Portal\/?p=239434"},"modified":"2025-12-23T13:09:29","modified_gmt":"2025-12-23T20:09:29","slug":"llega-wifi-gratuito-del-ayuntamiento-de-hermosillo-a-260-puntos-en-espacios-publicos","status":"publish","type":"post","link":"https:\/\/rnoticias.com.mx\/Portal\/2025\/12\/23\/llega-wifi-gratuito-del-ayuntamiento-de-hermosillo-a-260-puntos-en-espacios-publicos\/","title":{"rendered":"Llega WiFi gratuito del Ayuntamiento de Hermosillo a 260 puntos en espacios p\u00fablicos"},"content":{"rendered":"<p><b data-olk-copy-source=\"MessageBody\">Hermosillo, Sonora; 23 de diciembre de 2025.-<\/b>\u00a0El Programa Hermosillo CRECE Conectado, que desde abril de 2023 ofrece a la ciudadan\u00eda puntos de conexi\u00f3n gratuita a Internet por Wi Fi, lleg\u00f3 a 260 puntos en espacios p\u00fablicos, precis\u00f3 Carla Neudert C\u00f3rdova.<\/p>\n<p>La directora de la Agencia Municipal de Energ\u00eda y Cambio Clim\u00e1tico, AMECC, inform\u00f3 que la conexi\u00f3n gratuita impacta de forma positiva a las personas que no cuentan con los medios para costear este servicio en sus domicilios o dispositivos electr\u00f3nicos.<\/p>\n<p>Record\u00f3 que el presidente municipal Antonio Astiazar\u00e1n primeramente ofreci\u00f3 y luego materializ\u00f3 a partir del 18 de abril de 2023 el programa, con el prop\u00f3sito de hacer de Hermosillo una de las ciudades m\u00e1s conectadas del pa\u00eds a trav\u00e9s del Internet gratuito.<\/p>\n<p>Quienes tengan inter\u00e9s en aprovechar sin costo las posibilidades del Internet pueden consultar la ubicaci\u00f3n de los puntos Wi Fi disponibles en la p\u00e1gina wifi.hermosillo.gob.mx \u00a0y elegir el que les resulte m\u00e1s conveniente, abund\u00f3.<\/p>\n<p>Luego de ingresar a la red HMO_CONECTA y llenar el formulario, las siguientes conexiones ser\u00e1n autom\u00e1ticas en cualquiera de los 260 puntos disponibles.<\/p>\n<p>Neudert C\u00f3rdova manifest\u00f3 que son muchos los testimonios que confirman sus bondades en temas como comunicaci\u00f3n con familiares, emprendimientos, b\u00fasqueda de empleo, educaci\u00f3n y organizaci\u00f3n de las m\u00e1s diversas actividades.<\/p>\n","protected":false},"excerpt":{"rendered":"<p>Hermosillo, Sonora; 23 de diciembre de 2025.-\u00a0El Programa Hermosillo CRECE Conectado, que desde abril de 2023 ofrece a la ciudadan\u00eda puntos de conexi\u00f3n gratuita a Internet por Wi Fi, lleg\u00f3 a 260 puntos en espacios p\u00fablicos, precis\u00f3 Carla Neudert C\u00f3rdova. La directora de la Agencia Municipal de Energ\u00eda y Cambio Clim\u00e1tico, AMECC, inform\u00f3 que la [&hellip;]<\/p>\n","protected":false},"author":2,"featured_media":239435,"comment_status":"closed","ping_status":"closed","sticky":false,"template":"","format":"standard","meta":{"footnotes":""},"categories":[12870,178],"tags":[12865,12869],"class_list":["post-239434","post","type-post","status-publish","format-standard","has-post-thumbnail","hentry","category-destacadas","category-local","tag-destacadas","tag-local"],"jetpack_featured_media_url":"https:\/\/rnoticias.com.mx\/Portal\/wp-content\/uploads\/2025\/12\/AMECC1.jpeg","amp_enabled":true,"_links":{"self":[{"href":"https:\/\/rnoticias.com.mx\/Portal\/wp-json\/wp\/v2\/posts\/239434","targetHints":{"allow":["GET"]}}],"collection":[{"href":"https:\/\/rnoticias.com.mx\/Portal\/wp-json\/wp\/v2\/posts"}],"about":[{"href":"https:\/\/rnoticias.com.mx\/Portal\/wp-json\/wp\/v2\/types\/post"}],"author":[{"embeddable":true,"href":"https:\/\/rnoticias.com.mx\/Portal\/wp-json\/wp\/v2\/users\/2"}],"replies":[{"embeddable":true,"href":"https:\/\/rnoticias.com.mx\/Portal\/wp-json\/wp\/v2\/comments?post=239434"}],"version-history":[{"count":1,"href":"https:\/\/rnoticias.com.mx\/Portal\/wp-json\/wp\/v2\/posts\/239434\/revisions"}],"predecessor-version":[{"id":239436,"href":"https:\/\/rnoticias.com.mx\/Portal\/wp-json\/wp\/v2\/posts\/239434\/revisions\/239436"}],"wp:featuredmedia":[{"embeddable":true,"href":"https:\/\/rnoticias.com.mx\/Portal\/wp-json\/wp\/v2\/media\/239435"}],"wp:attachment":[{"href":"https:\/\/rnoticias.com.mx\/Portal\/wp-json\/wp\/v2\/media?parent=239434"}],"wp:term":[{"taxonomy":"category","embeddable":true,"href":"https:\/\/rnoticias.com.mx\/Portal\/wp-json\/wp\/v2\/categories?post=239434"},{"taxonomy":"post_tag","embeddable":true,"href":"https:\/\/rnoticias.com.mx\/Portal\/wp-json\/wp\/v2\/tags?post=239434"}],"curies":[{"name":"wp","href":"https:\/\/api.w.org\/{rel}","templated":true}]}}