{"id":239428,"date":"2025-12-23T13:06:00","date_gmt":"2025-12-23T20:06:00","guid":{"rendered":"https:\/\/rnoticias.com.mx\/Portal\/?p=239428"},"modified":"2025-12-23T13:06:00","modified_gmt":"2025-12-23T20:06:00","slug":"steus-exige-dialogo-y-solucion-a-casos-de-escalafon-en-la-unison","status":"publish","type":"post","link":"https:\/\/rnoticias.com.mx\/Portal\/2025\/12\/23\/steus-exige-dialogo-y-solucion-a-casos-de-escalafon-en-la-unison\/","title":{"rendered":"STEUS exige di\u00e1logo y soluci\u00f3n a casos de escalaf\u00f3n en la Unison"},"content":{"rendered":"<p>El Sindicato de Trabajadores y Empleados de la Universidad de Sonora (STEUS) advirti\u00f3 que existen otros casos similares al del maestro Ricardo Ortega dentro de la instituci\u00f3n, relacionados con el reconocimiento de niveles escalafonarios, sin que hasta el momento se cuente con un registro preciso por parte de las autoridades universitarias.<\/p>\n<p>&nbsp;<\/p>\n<p>El secretario general del STEUS, Cuauht\u00e9moc Nieblas Cota, extern\u00f3 que el sindicato ha solicitado de manera formal informaci\u00f3n al \u00e1rea de Recursos Humanos y a la Secretar\u00eda Administrativa de la Universidad de Sonora, sin obtener respuesta clara que permita dimensionar cu\u00e1ntos trabajadores se encuentran en esta situaci\u00f3n.<\/p>\n<p>&nbsp;<\/p>\n<p>\u201cEl reciente caso del docente Ricardo Ortega, quien realiz\u00f3 una huelga de hambre durante casi cuatro d\u00edas, evidenci\u00f3 la falta de canales efectivos de di\u00e1logo y atenci\u00f3n oportuna, ya que solo tras la protesta extrema se reconoci\u00f3 su nivel D en el escalaf\u00f3n y se autoriz\u00f3 el pago retroactivo correspondiente desde agosto\u201d, indic\u00f3.<\/p>\n<p>&nbsp;<\/p>\n<p>Nieblas Cota subray\u00f3 que el STEUS ha recibido diversas solicitudes de apoyo por parte de docentes que buscan conocer el estatus de sus tr\u00e1mites de promoci\u00f3n, por lo que insisti\u00f3 en la necesidad de transparencia y voluntad institucional para atender estos procesos y evitar conflictos que pongan en riesgo la salud de los trabajadores.<\/p>\n","protected":false},"excerpt":{"rendered":"<p>El Sindicato de Trabajadores y Empleados de la Universidad de Sonora (STEUS) advirti\u00f3 que existen otros casos similares al del maestro Ricardo Ortega dentro de la instituci\u00f3n, relacionados con el reconocimiento de niveles escalafonarios, sin que hasta el momento se cuente con un registro preciso por parte de las autoridades universitarias. &nbsp; El secretario general [&hellip;]<\/p>\n","protected":false},"author":2,"featured_media":239429,"comment_status":"closed","ping_status":"closed","sticky":false,"template":"","format":"standard","meta":{"footnotes":""},"categories":[12870,178],"tags":[12865,12869],"class_list":["post-239428","post","type-post","status-publish","format-standard","has-post-thumbnail","hentry","category-destacadas","category-local","tag-destacadas","tag-local"],"jetpack_featured_media_url":"https:\/\/rnoticias.com.mx\/Portal\/wp-content\/uploads\/2025\/12\/59728-20250424154025-1.jpg","amp_enabled":true,"_links":{"self":[{"href":"https:\/\/rnoticias.com.mx\/Portal\/wp-json\/wp\/v2\/posts\/239428","targetHints":{"allow":["GET"]}}],"collection":[{"href":"https:\/\/rnoticias.com.mx\/Portal\/wp-json\/wp\/v2\/posts"}],"about":[{"href":"https:\/\/rnoticias.com.mx\/Portal\/wp-json\/wp\/v2\/types\/post"}],"author":[{"embeddable":true,"href":"https:\/\/rnoticias.com.mx\/Portal\/wp-json\/wp\/v2\/users\/2"}],"replies":[{"embeddable":true,"href":"https:\/\/rnoticias.com.mx\/Portal\/wp-json\/wp\/v2\/comments?post=239428"}],"version-history":[{"count":1,"href":"https:\/\/rnoticias.com.mx\/Portal\/wp-json\/wp\/v2\/posts\/239428\/revisions"}],"predecessor-version":[{"id":239430,"href":"https:\/\/rnoticias.com.mx\/Portal\/wp-json\/wp\/v2\/posts\/239428\/revisions\/239430"}],"wp:featuredmedia":[{"embeddable":true,"href":"https:\/\/rnoticias.com.mx\/Portal\/wp-json\/wp\/v2\/media\/239429"}],"wp:attachment":[{"href":"https:\/\/rnoticias.com.mx\/Portal\/wp-json\/wp\/v2\/media?parent=239428"}],"wp:term":[{"taxonomy":"category","embeddable":true,"href":"https:\/\/rnoticias.com.mx\/Portal\/wp-json\/wp\/v2\/categories?post=239428"},{"taxonomy":"post_tag","embeddable":true,"href":"https:\/\/rnoticias.com.mx\/Portal\/wp-json\/wp\/v2\/tags?post=239428"}],"curies":[{"name":"wp","href":"https:\/\/api.w.org\/{rel}","templated":true}]}}