{"id":239425,"date":"2025-12-23T13:04:28","date_gmt":"2025-12-23T20:04:28","guid":{"rendered":"https:\/\/rnoticias.com.mx\/Portal\/?p=239425"},"modified":"2025-12-23T13:04:28","modified_gmt":"2025-12-23T20:04:28","slug":"llama-condusef-a-usar-el-aguinaldo-con-vision-financiera","status":"publish","type":"post","link":"https:\/\/rnoticias.com.mx\/Portal\/2025\/12\/23\/llama-condusef-a-usar-el-aguinaldo-con-vision-financiera\/","title":{"rendered":"Llama Condusef a usar el aguinaldo con visi\u00f3n financiera"},"content":{"rendered":"<p>Hermosillo, Sonora. Ante el aumento de gastos durante la temporada decembrina, la Comisi\u00f3n Nacional para la Defensa de los Usuarios de los Servicios Financieros (Condusef) llam\u00f3 a la poblaci\u00f3n a administrar de forma responsable el aguinaldo y priorizar la estabilidad econ\u00f3mica.<\/p>\n<p>&nbsp;<\/p>\n<p>Mar\u00eda Fernanda Tapia, responsable de la Unidad de Atenci\u00f3n a Usuarios, explic\u00f3 que una estrategia recomendada es dividir este ingreso extraordinario en porcentajes espec\u00edficos para distintos fines.<\/p>\n<p>&nbsp;<\/p>\n<p>\u201cLo ideal ser\u00eda que la mitad del aguinaldo puede destinarse al cumplimiento de objetivos financieros, como liquidar deudas pendientes o iniciar un fondo de ahorro para emergencias\u201d, coment\u00f3.<\/p>\n<p>&nbsp;<\/p>\n<p>Dentro de este rubro, sugiri\u00f3 reservar al menos un 10 por ciento para hacer frente a los gastos que suelen presentarse en enero.<\/p>\n<p>&nbsp;<\/p>\n<p>Asimismo, se\u00f1al\u00f3 que un 30 por ciento del aguinaldo puede utilizarse para cubrir compromisos propios de las fiestas decembrinas, como la cena navide\u00f1a, regalos y celebraciones.<\/p>\n<p>&nbsp;<\/p>\n<p>Finalmente, la Condusef en Sonora, considera v\u00e1lido asignar el 20 por ciento restante a gastos personales o recreativos, siempre y cuando se mantenga un equilibrio que permita iniciar el pr\u00f3ximo a\u00f1o con finanzas sanas.<\/p>\n","protected":false},"excerpt":{"rendered":"<p>Hermosillo, Sonora. Ante el aumento de gastos durante la temporada decembrina, la Comisi\u00f3n Nacional para la Defensa de los Usuarios de los Servicios Financieros (Condusef) llam\u00f3 a la poblaci\u00f3n a administrar de forma responsable el aguinaldo y priorizar la estabilidad econ\u00f3mica. &nbsp; Mar\u00eda Fernanda Tapia, responsable de la Unidad de Atenci\u00f3n a Usuarios, explic\u00f3 que [&hellip;]<\/p>\n","protected":false},"author":2,"featured_media":239426,"comment_status":"closed","ping_status":"closed","sticky":false,"template":"","format":"standard","meta":{"footnotes":""},"categories":[12870,178],"tags":[12865,12869],"class_list":["post-239425","post","type-post","status-publish","format-standard","has-post-thumbnail","hentry","category-destacadas","category-local","tag-destacadas","tag-local"],"jetpack_featured_media_url":"https:\/\/rnoticias.com.mx\/Portal\/wp-content\/uploads\/2025\/12\/aguinaldo-fecha-limite-enero-2026.webp","amp_enabled":true,"_links":{"self":[{"href":"https:\/\/rnoticias.com.mx\/Portal\/wp-json\/wp\/v2\/posts\/239425","targetHints":{"allow":["GET"]}}],"collection":[{"href":"https:\/\/rnoticias.com.mx\/Portal\/wp-json\/wp\/v2\/posts"}],"about":[{"href":"https:\/\/rnoticias.com.mx\/Portal\/wp-json\/wp\/v2\/types\/post"}],"author":[{"embeddable":true,"href":"https:\/\/rnoticias.com.mx\/Portal\/wp-json\/wp\/v2\/users\/2"}],"replies":[{"embeddable":true,"href":"https:\/\/rnoticias.com.mx\/Portal\/wp-json\/wp\/v2\/comments?post=239425"}],"version-history":[{"count":1,"href":"https:\/\/rnoticias.com.mx\/Portal\/wp-json\/wp\/v2\/posts\/239425\/revisions"}],"predecessor-version":[{"id":239427,"href":"https:\/\/rnoticias.com.mx\/Portal\/wp-json\/wp\/v2\/posts\/239425\/revisions\/239427"}],"wp:featuredmedia":[{"embeddable":true,"href":"https:\/\/rnoticias.com.mx\/Portal\/wp-json\/wp\/v2\/media\/239426"}],"wp:attachment":[{"href":"https:\/\/rnoticias.com.mx\/Portal\/wp-json\/wp\/v2\/media?parent=239425"}],"wp:term":[{"taxonomy":"category","embeddable":true,"href":"https:\/\/rnoticias.com.mx\/Portal\/wp-json\/wp\/v2\/categories?post=239425"},{"taxonomy":"post_tag","embeddable":true,"href":"https:\/\/rnoticias.com.mx\/Portal\/wp-json\/wp\/v2\/tags?post=239425"}],"curies":[{"name":"wp","href":"https:\/\/api.w.org\/{rel}","templated":true}]}}