{"id":239419,"date":"2025-12-23T12:40:05","date_gmt":"2025-12-23T19:40:05","guid":{"rendered":"https:\/\/rnoticias.com.mx\/Portal\/?p=239419"},"modified":"2025-12-23T12:40:05","modified_gmt":"2025-12-23T19:40:05","slug":"j-balvin-sella-reconciliacion-con-bad-bunny-tras-concierto-en-mexico","status":"publish","type":"post","link":"https:\/\/rnoticias.com.mx\/Portal\/2025\/12\/23\/j-balvin-sella-reconciliacion-con-bad-bunny-tras-concierto-en-mexico\/","title":{"rendered":"J Balvin sella reconciliaci\u00f3n con Bad Bunny tras concierto en M\u00e9xico"},"content":{"rendered":"<p>El artista\u00a0<strong>J Balvin<\/strong>\u00a0public\u00f3 este lunes en sus\u00a0<strong>redes sociales<\/strong>\u00a0un mensaje que sell\u00f3 definitivamente su reconciliaci\u00f3n con\u00a0<strong>Bad Bunny<\/strong>, ocurrida p\u00fablicamente el pasado domingo, durante el \u00faltimo concierto de la gira \u2018Deb\u00ed Tirar M\u00e1s Fotos\u2019 del puertorrique\u00f1o en\u00a0<strong>M\u00e9xico<\/strong>, donde el colombiano asisti\u00f3 como invitado especial.<\/p>\n<p>\u201cHoy celebro que estemos bien, que la paz tambi\u00e9n se haga tendencia, que los ejemplos pesen m\u00e1s que los titulares\u201d, escribi\u00f3 J Balvin en una publicaci\u00f3n acompa\u00f1ada de una foto de portada en la que se enmarca ese emblem\u00e1tico abrazo que se dieron los representantes del g\u00e9nero urbano en espa\u00f1ol ante las 66.000 personas que asistieron al\u00a0<strong>Estadio GNP<\/strong>\u00a0en la capital mexicana.<\/p>\n<p>En la publicaci\u00f3n, el int\u00e9rprete de \u2018QDMT\u2019 incluy\u00f3 fotos y videos de aquel domingo en el que decidieron que era \u201cel momento perfecto\u201d para limar asperezas y reconocer la trayectoria que ambos han consolidado como \u00edconos de la m\u00fasica latina.<\/p>\n<p>Y es que el \u00faltimo de los ocho conciertos de la gira \u2018<strong>Deb\u00ed Tirar M\u00e1s Fotos\u2019<\/strong>\u00a0en M\u00e9xico se convirti\u00f3 en el escenario de reconciliaci\u00f3n de ambos compositores, luego de haberse distanciado en 2021 tras el intento de J Balvin de boicotear los\u00a0<strong>Latin Grammy<\/strong>\u00a0por supuestamente no valorar el g\u00e9nero del reggaet\u00f3n.<\/p>\n","protected":false},"excerpt":{"rendered":"<p>El artista\u00a0J Balvin\u00a0public\u00f3 este lunes en sus\u00a0redes sociales\u00a0un mensaje que sell\u00f3 definitivamente su reconciliaci\u00f3n con\u00a0Bad Bunny, ocurrida p\u00fablicamente el pasado domingo, durante el \u00faltimo concierto de la gira \u2018Deb\u00ed Tirar M\u00e1s Fotos\u2019 del puertorrique\u00f1o en\u00a0M\u00e9xico, donde el colombiano asisti\u00f3 como invitado especial. \u201cHoy celebro que estemos bien, que la paz tambi\u00e9n se haga tendencia, que [&hellip;]<\/p>\n","protected":false},"author":2,"featured_media":239420,"comment_status":"closed","ping_status":"closed","sticky":false,"template":"","format":"standard","meta":{"footnotes":""},"categories":[12870,219],"tags":[12865,12875],"class_list":["post-239419","post","type-post","status-publish","format-standard","has-post-thumbnail","hentry","category-destacadas","category-espectaculos","tag-destacadas","tag-espectaculos"],"jetpack_featured_media_url":"https:\/\/rnoticias.com.mx\/Portal\/wp-content\/uploads\/2025\/12\/J-Balvin-1068x623-1.webp","amp_enabled":true,"_links":{"self":[{"href":"https:\/\/rnoticias.com.mx\/Portal\/wp-json\/wp\/v2\/posts\/239419","targetHints":{"allow":["GET"]}}],"collection":[{"href":"https:\/\/rnoticias.com.mx\/Portal\/wp-json\/wp\/v2\/posts"}],"about":[{"href":"https:\/\/rnoticias.com.mx\/Portal\/wp-json\/wp\/v2\/types\/post"}],"author":[{"embeddable":true,"href":"https:\/\/rnoticias.com.mx\/Portal\/wp-json\/wp\/v2\/users\/2"}],"replies":[{"embeddable":true,"href":"https:\/\/rnoticias.com.mx\/Portal\/wp-json\/wp\/v2\/comments?post=239419"}],"version-history":[{"count":1,"href":"https:\/\/rnoticias.com.mx\/Portal\/wp-json\/wp\/v2\/posts\/239419\/revisions"}],"predecessor-version":[{"id":239421,"href":"https:\/\/rnoticias.com.mx\/Portal\/wp-json\/wp\/v2\/posts\/239419\/revisions\/239421"}],"wp:featuredmedia":[{"embeddable":true,"href":"https:\/\/rnoticias.com.mx\/Portal\/wp-json\/wp\/v2\/media\/239420"}],"wp:attachment":[{"href":"https:\/\/rnoticias.com.mx\/Portal\/wp-json\/wp\/v2\/media?parent=239419"}],"wp:term":[{"taxonomy":"category","embeddable":true,"href":"https:\/\/rnoticias.com.mx\/Portal\/wp-json\/wp\/v2\/categories?post=239419"},{"taxonomy":"post_tag","embeddable":true,"href":"https:\/\/rnoticias.com.mx\/Portal\/wp-json\/wp\/v2\/tags?post=239419"}],"curies":[{"name":"wp","href":"https:\/\/api.w.org\/{rel}","templated":true}]}}