{"id":239406,"date":"2025-12-23T12:23:12","date_gmt":"2025-12-23T19:23:12","guid":{"rendered":"https:\/\/rnoticias.com.mx\/Portal\/?p=239406"},"modified":"2025-12-23T12:23:12","modified_gmt":"2025-12-23T19:23:12","slug":"sale-carmen-aristegui-de-cnn","status":"publish","type":"post","link":"https:\/\/rnoticias.com.mx\/Portal\/2025\/12\/23\/sale-carmen-aristegui-de-cnn\/","title":{"rendered":"Sale Carmen Aristegui de CNN"},"content":{"rendered":"<p><strong>Carmen Aristegui, periodista mexicana, anunci\u00f3 este 23 de diciembre que su ciclo con la cadena CNN lleg\u00f3 a su fin<\/strong>. Estos son \u00a0los detalles:<\/p>\n<p>Este lunes,\u00a0<mark><strong>la periodista Carmen Aristegui dio a conocer su salida del noticiero de CNN, luego de m\u00e1s de 20 a\u00f1os al aire<\/strong><\/mark>.<\/p>\n<p><mark><strong>Durante la emisi\u00f3n de su \u00faltimo programa, Aristegui asegur\u00f3 que seguir\u00e1 ejerciendo el periodismo<\/strong><\/mark>. &#8220;Me despido de este espacio con la mirada puesta en nuevos proyectos, en nuevos desaf\u00edos [\u2026] Seguir\u00e9 ejerciendo el periodismo,\u00a0<strong>seguir\u00e9 trabajando para las audiencias y seguir\u00e9 adelante con nuestra tarea<\/strong>, con la firme convicci\u00f3n de que los periodistas somos necesarios para la democracia&#8221;.<\/p>\n<p><strong>&#8220;Se cierra un ciclo aqu\u00ed y lo que toca es dar gracias&#8221;<\/strong>, a\u00f1adi\u00f3.<\/p>\n<p><strong>Aunado a ello, agradeci\u00f3 a sus compa\u00f1eros del canal<\/strong>, as\u00ed como a los invitados que se hicieron presente en su noticiero y a la audiencia. &#8220;Gracias a CNN por todo este tiempo, gracias a mis compa\u00f1eros y amigos de todos estos a\u00f1os, gracias a todos nuestros invitados, a nuestras invitadas por su disposici\u00f3n a estar aqu\u00ed para hablar, para revelar, para debatir y para analizar las cosas m\u00e1s importantes y trascendentes que han ocurrido en todos estos a\u00f1os. Y principalmente gracias a usted por ser la parte fundamental y raz\u00f3n de ser de nuestro trabajo&#8221;.<\/p>\n<p>Finalmente,\u00a0<strong>dese\u00f3 una feliz Navidad y los mejores deseos para el 2026<\/strong>. &#8220;Gracias, gracias, much\u00edsimas gracias. Desde aqu\u00ed les env\u00edo un fuerte abrazo, una muy feliz Navidad y mis mejores deseos para 2026 y siempre&#8221;.<\/p>\n","protected":false},"excerpt":{"rendered":"<p>Carmen Aristegui, periodista mexicana, anunci\u00f3 este 23 de diciembre que su ciclo con la cadena CNN lleg\u00f3 a su fin. Estos son \u00a0los detalles: Este lunes,\u00a0la periodista Carmen Aristegui dio a conocer su salida del noticiero de CNN, luego de m\u00e1s de 20 a\u00f1os al aire. Durante la emisi\u00f3n de su \u00faltimo programa, Aristegui asegur\u00f3 [&hellip;]<\/p>\n","protected":false},"author":2,"featured_media":239407,"comment_status":"closed","ping_status":"closed","sticky":false,"template":"","format":"standard","meta":{"footnotes":""},"categories":[12870,172],"tags":[12865,12874],"class_list":["post-239406","post","type-post","status-publish","format-standard","has-post-thumbnail","hentry","category-destacadas","category-nacional","tag-destacadas","tag-nacional"],"jetpack_featured_media_url":"https:\/\/rnoticias.com.mx\/Portal\/wp-content\/uploads\/2025\/12\/LrVjjr4lIzwU9jaan8za.png","amp_enabled":true,"_links":{"self":[{"href":"https:\/\/rnoticias.com.mx\/Portal\/wp-json\/wp\/v2\/posts\/239406","targetHints":{"allow":["GET"]}}],"collection":[{"href":"https:\/\/rnoticias.com.mx\/Portal\/wp-json\/wp\/v2\/posts"}],"about":[{"href":"https:\/\/rnoticias.com.mx\/Portal\/wp-json\/wp\/v2\/types\/post"}],"author":[{"embeddable":true,"href":"https:\/\/rnoticias.com.mx\/Portal\/wp-json\/wp\/v2\/users\/2"}],"replies":[{"embeddable":true,"href":"https:\/\/rnoticias.com.mx\/Portal\/wp-json\/wp\/v2\/comments?post=239406"}],"version-history":[{"count":1,"href":"https:\/\/rnoticias.com.mx\/Portal\/wp-json\/wp\/v2\/posts\/239406\/revisions"}],"predecessor-version":[{"id":239408,"href":"https:\/\/rnoticias.com.mx\/Portal\/wp-json\/wp\/v2\/posts\/239406\/revisions\/239408"}],"wp:featuredmedia":[{"embeddable":true,"href":"https:\/\/rnoticias.com.mx\/Portal\/wp-json\/wp\/v2\/media\/239407"}],"wp:attachment":[{"href":"https:\/\/rnoticias.com.mx\/Portal\/wp-json\/wp\/v2\/media?parent=239406"}],"wp:term":[{"taxonomy":"category","embeddable":true,"href":"https:\/\/rnoticias.com.mx\/Portal\/wp-json\/wp\/v2\/categories?post=239406"},{"taxonomy":"post_tag","embeddable":true,"href":"https:\/\/rnoticias.com.mx\/Portal\/wp-json\/wp\/v2\/tags?post=239406"}],"curies":[{"name":"wp","href":"https:\/\/api.w.org\/{rel}","templated":true}]}}