{"id":239403,"date":"2025-12-23T12:20:59","date_gmt":"2025-12-23T19:20:59","guid":{"rendered":"https:\/\/rnoticias.com.mx\/Portal\/?p=239403"},"modified":"2025-12-23T12:20:59","modified_gmt":"2025-12-23T19:20:59","slug":"capturan-a-sobrino-del-exlider-del-cartel-del-golfo-en-monterrey","status":"publish","type":"post","link":"https:\/\/rnoticias.com.mx\/Portal\/2025\/12\/23\/capturan-a-sobrino-del-exlider-del-cartel-del-golfo-en-monterrey\/","title":{"rendered":"Capturan a sobrino del exl\u00edder del C\u00e1rtel del Golfo en Monterrey"},"content":{"rendered":"<p><strong>La Fuerza Civil de Nuevo Le\u00f3n detuvo a Mario Alberto &#8220;N&#8221;, alias &#8220;El Betito&#8221;, sobrino del exl\u00edder del C\u00e1rtel del Golfo, Osiel C\u00e1rdenas Guill\u00e9n.\u00a0<\/strong><\/p>\n<p>La Secretar\u00eda de Seguridad P\u00fablica del Estado inform\u00f3 que la captura se realiz\u00f3 la noche del domingo,\u00a0<strong>en el cruce de las avenidas L\u00e1zaro C\u00e1rdenas y Alfonso Reyes, al sur de Monterrey,<\/strong>\u00a0donde\u00a0<mark><strong>un veh\u00edculo tipo pick-up con personas armadas se encontraba en el estacionamiento de un comercio; tambi\u00e9n se detuvo a otros presuntos delincuentes que viajaban con &#8220;El Betito&#8221;.<\/strong><\/mark><\/p>\n<p>Los detenidos fueron identificados como\u00a0<strong>Mario Alberto &#8220;N&#8221; de 43 a\u00f1os, Ra\u00fal &#8220;N&#8221; de 45 y Kevin Alberto &#8220;N&#8221; de 19 a\u00f1os.\u00a0<\/strong><\/p>\n<p><i><strong>&#8220;Al ser identificados, los tres tripulantes a bordo de la camioneta pick-up salieron del estacionamiento del comercio, buscando huir por la avenida L\u00e1zaro C\u00e1rdenas, logrando ser interceptados a la altura del cruce con la avenida Alfonso Reyes&#8221;<\/strong>,<\/i>\u00a0detall\u00f3 la dependencia estatal en un comunicado.<\/p>\n<p>Tras inspeccionar a los detenidos y revisar la camioneta en donde circulaban,\u00a0<strong>las autoridades aseguraron un arma larga, un arma corta, dos cargadores, siete cartuchos \u00fatiles, 44 bolsas con droga cristal, una b\u00e1scula digital, as\u00ed como dinero en efectivo.<\/strong><\/p>\n","protected":false},"excerpt":{"rendered":"<p>La Fuerza Civil de Nuevo Le\u00f3n detuvo a Mario Alberto &#8220;N&#8221;, alias &#8220;El Betito&#8221;, sobrino del exl\u00edder del C\u00e1rtel del Golfo, Osiel C\u00e1rdenas Guill\u00e9n.\u00a0 La Secretar\u00eda de Seguridad P\u00fablica del Estado inform\u00f3 que la captura se realiz\u00f3 la noche del domingo,\u00a0en el cruce de las avenidas L\u00e1zaro C\u00e1rdenas y Alfonso Reyes, al sur de Monterrey,\u00a0donde\u00a0un [&hellip;]<\/p>\n","protected":false},"author":2,"featured_media":239404,"comment_status":"closed","ping_status":"closed","sticky":false,"template":"","format":"standard","meta":{"footnotes":""},"categories":[12870,172],"tags":[12865,12874],"class_list":["post-239403","post","type-post","status-publish","format-standard","has-post-thumbnail","hentry","category-destacadas","category-nacional","tag-destacadas","tag-nacional"],"jetpack_featured_media_url":"https:\/\/rnoticias.com.mx\/Portal\/wp-content\/uploads\/2025\/12\/BETITO-MARIO-ABERTO-CARDENAS-DETENIDO-.jpg","amp_enabled":true,"_links":{"self":[{"href":"https:\/\/rnoticias.com.mx\/Portal\/wp-json\/wp\/v2\/posts\/239403","targetHints":{"allow":["GET"]}}],"collection":[{"href":"https:\/\/rnoticias.com.mx\/Portal\/wp-json\/wp\/v2\/posts"}],"about":[{"href":"https:\/\/rnoticias.com.mx\/Portal\/wp-json\/wp\/v2\/types\/post"}],"author":[{"embeddable":true,"href":"https:\/\/rnoticias.com.mx\/Portal\/wp-json\/wp\/v2\/users\/2"}],"replies":[{"embeddable":true,"href":"https:\/\/rnoticias.com.mx\/Portal\/wp-json\/wp\/v2\/comments?post=239403"}],"version-history":[{"count":1,"href":"https:\/\/rnoticias.com.mx\/Portal\/wp-json\/wp\/v2\/posts\/239403\/revisions"}],"predecessor-version":[{"id":239405,"href":"https:\/\/rnoticias.com.mx\/Portal\/wp-json\/wp\/v2\/posts\/239403\/revisions\/239405"}],"wp:featuredmedia":[{"embeddable":true,"href":"https:\/\/rnoticias.com.mx\/Portal\/wp-json\/wp\/v2\/media\/239404"}],"wp:attachment":[{"href":"https:\/\/rnoticias.com.mx\/Portal\/wp-json\/wp\/v2\/media?parent=239403"}],"wp:term":[{"taxonomy":"category","embeddable":true,"href":"https:\/\/rnoticias.com.mx\/Portal\/wp-json\/wp\/v2\/categories?post=239403"},{"taxonomy":"post_tag","embeddable":true,"href":"https:\/\/rnoticias.com.mx\/Portal\/wp-json\/wp\/v2\/tags?post=239403"}],"curies":[{"name":"wp","href":"https:\/\/api.w.org\/{rel}","templated":true}]}}