{"id":239397,"date":"2025-12-23T11:44:54","date_gmt":"2025-12-23T18:44:54","guid":{"rendered":"https:\/\/rnoticias.com.mx\/Portal\/?p=239397"},"modified":"2025-12-23T11:44:54","modified_gmt":"2025-12-23T18:44:54","slug":"trump-insiste-en-anexar-a-groenlandia-a-ee-uu-por-tema-de-seguridad","status":"publish","type":"post","link":"https:\/\/rnoticias.com.mx\/Portal\/2025\/12\/23\/trump-insiste-en-anexar-a-groenlandia-a-ee-uu-por-tema-de-seguridad\/","title":{"rendered":"Trump insiste en anexar a Groenlandia a EE.UU. por tema de seguridad"},"content":{"rendered":"<p><span style=\"font-family: Arial, sans-serif;\"><span style=\"font-size: medium;\">Por motivos de seguridad, Estados Unidos busca anexar a Groenlandia, anunci\u00f3 el presidente Donald Trump. <\/span><\/span><span style=\"font-family: Arial, sans-serif;\"><span style=\"font-size: medium;\">El gobierno del republicano ha reiterado que se necesita ese territorio aut\u00f3nomo estrat\u00e9gicamente situado y rico de recursos naturales &#8220;para <strong>garantizar protecci\u00f3n del pa\u00eds\u201d.<\/strong><\/span><\/span><\/p>\n<p><span style=\"font-family: Arial, sans-serif;\"><span style=\"font-size: medium;\">La pretensi\u00f3n ha retomado fuerza, luego de que Trump nombrara al gobernador de Luisiana, Jeff Landry como enviado especial, lo que ha generado la<strong>\u00a0inconformidad por Groenlandia y Dinamarca<\/strong>, quienes rechazan una posible anexi\u00f3n; incluso la Uni\u00f3n Europea ha respaldado esta negativa.<\/span><\/span><\/p>\n<p><span style=\"font-family: Arial, sans-serif;\"><span style=\"font-size: medium;\">Dinamarca y Groenlandia en una declaraci\u00f3n\u00a0<strong>conjunta afirmaron que la isla no se puede anexionar otro pa\u00eds<\/strong>\u00a0\u201cni siquiera con el argumento de seguridad internacional\u2026 esperamos que se respete nuestra integridad territorial conjunta\u201d.<\/span><\/span><\/p>\n<p><span style=\"font-family: Arial, sans-serif;\"><span style=\"font-size: medium;\">El emisario de Estados, ha prometido al presidente convertir la isla danesa \u201cen parte de Estados Unidos\u201d<\/span><\/span><\/p>\n<p>&nbsp;<\/p>\n<p>Fuente: El Excelsior<\/p>\n","protected":false},"excerpt":{"rendered":"<p>Por motivos de seguridad, Estados Unidos busca anexar a Groenlandia, anunci\u00f3 el presidente Donald Trump. El gobierno del republicano ha reiterado que se necesita ese territorio aut\u00f3nomo estrat\u00e9gicamente situado y rico de recursos naturales &#8220;para garantizar protecci\u00f3n del pa\u00eds\u201d. La pretensi\u00f3n ha retomado fuerza, luego de que Trump nombrara al gobernador de Luisiana, Jeff Landry [&hellip;]<\/p>\n","protected":false},"author":2,"featured_media":239398,"comment_status":"closed","ping_status":"closed","sticky":false,"template":"","format":"standard","meta":{"footnotes":""},"categories":[12870,182],"tags":[12865,12871],"class_list":["post-239397","post","type-post","status-publish","format-standard","has-post-thumbnail","hentry","category-destacadas","category-internacional","tag-destacadas","tag-internacional"],"jetpack_featured_media_url":"https:\/\/rnoticias.com.mx\/Portal\/wp-content\/uploads\/2025\/12\/trump.webp","amp_enabled":true,"_links":{"self":[{"href":"https:\/\/rnoticias.com.mx\/Portal\/wp-json\/wp\/v2\/posts\/239397","targetHints":{"allow":["GET"]}}],"collection":[{"href":"https:\/\/rnoticias.com.mx\/Portal\/wp-json\/wp\/v2\/posts"}],"about":[{"href":"https:\/\/rnoticias.com.mx\/Portal\/wp-json\/wp\/v2\/types\/post"}],"author":[{"embeddable":true,"href":"https:\/\/rnoticias.com.mx\/Portal\/wp-json\/wp\/v2\/users\/2"}],"replies":[{"embeddable":true,"href":"https:\/\/rnoticias.com.mx\/Portal\/wp-json\/wp\/v2\/comments?post=239397"}],"version-history":[{"count":1,"href":"https:\/\/rnoticias.com.mx\/Portal\/wp-json\/wp\/v2\/posts\/239397\/revisions"}],"predecessor-version":[{"id":239399,"href":"https:\/\/rnoticias.com.mx\/Portal\/wp-json\/wp\/v2\/posts\/239397\/revisions\/239399"}],"wp:featuredmedia":[{"embeddable":true,"href":"https:\/\/rnoticias.com.mx\/Portal\/wp-json\/wp\/v2\/media\/239398"}],"wp:attachment":[{"href":"https:\/\/rnoticias.com.mx\/Portal\/wp-json\/wp\/v2\/media?parent=239397"}],"wp:term":[{"taxonomy":"category","embeddable":true,"href":"https:\/\/rnoticias.com.mx\/Portal\/wp-json\/wp\/v2\/categories?post=239397"},{"taxonomy":"post_tag","embeddable":true,"href":"https:\/\/rnoticias.com.mx\/Portal\/wp-json\/wp\/v2\/tags?post=239397"}],"curies":[{"name":"wp","href":"https:\/\/api.w.org\/{rel}","templated":true}]}}