{"id":239394,"date":"2025-12-23T11:43:47","date_gmt":"2025-12-23T18:43:47","guid":{"rendered":"https:\/\/rnoticias.com.mx\/Portal\/?p=239394"},"modified":"2025-12-23T11:43:47","modified_gmt":"2025-12-23T18:43:47","slug":"fuerte-tormenta-en-california-deja-un-muerto-intensas-lluvias-seguiran-hasta-navidad","status":"publish","type":"post","link":"https:\/\/rnoticias.com.mx\/Portal\/2025\/12\/23\/fuerte-tormenta-en-california-deja-un-muerto-intensas-lluvias-seguiran-hasta-navidad\/","title":{"rendered":"Fuerte tormenta en California deja un muerto, intensas lluvias seguir\u00e1n hasta Navidad"},"content":{"rendered":"<p>Al menos una persona muri\u00f3 debido a las\u00a0<strong>intensas lluvias<\/strong>\u00a0que afectan a\u00a0<strong>California<\/strong>, y que se esperan se intensifiquen en los pr\u00f3ximos d\u00edas, lo que ha obligado a las autoridades meteorol\u00f3gicas a emitir alertas por posibilidad de\u00a0<strong>inundaciones<\/strong>\u00a0y deslaves que podr\u00edan golpear a la mayor\u00eda del estado.<\/p>\n<p>Un r\u00edo atmosf\u00e9rico que afecta el norte del estado se cobr\u00f3 su primera v\u00edctima mortal, en\u00a0<strong>Redding<\/strong>, una ciudad cercana a la capital de California, Sacramento, donde\u00a0<strong>los<\/strong>\u00a0<strong>bomberos y la polic\u00eda<\/strong>\u00a0han realizado decenas de rescates acu\u00e1ticos debido a las inundaciones.<\/p>\n<p>El\u00a0<strong>Servicio Meteorol\u00f3gico Nacional<\/strong>\u00a0(NWS) dijo este lunes en un comunicado que &#8220;se esperan inundaciones en zonas urbanas y arroyos debido a las fuertes lluvias&#8221;, en el \u00e1rea de la Bah\u00eda. Se pronostican tormentas hasta\u00a0<strong>Navidad<\/strong>, lo que probablemente causar\u00e1 m\u00e1s inundaciones en algunas zonas ya afectadas por las lluvias a medida que aumente la acumulaci\u00f3n de agua.<\/p>\n<p>&nbsp;<\/p>\n<p>&nbsp;<\/p>\n<p>Fuente: EFE<\/p>\n","protected":false},"excerpt":{"rendered":"<p>Al menos una persona muri\u00f3 debido a las\u00a0intensas lluvias\u00a0que afectan a\u00a0California, y que se esperan se intensifiquen en los pr\u00f3ximos d\u00edas, lo que ha obligado a las autoridades meteorol\u00f3gicas a emitir alertas por posibilidad de\u00a0inundaciones\u00a0y deslaves que podr\u00edan golpear a la mayor\u00eda del estado. Un r\u00edo atmosf\u00e9rico que afecta el norte del estado se cobr\u00f3 [&hellip;]<\/p>\n","protected":false},"author":2,"featured_media":239395,"comment_status":"closed","ping_status":"closed","sticky":false,"template":"","format":"standard","meta":{"footnotes":""},"categories":[12870,182],"tags":[12865,12871],"class_list":["post-239394","post","type-post","status-publish","format-standard","has-post-thumbnail","hentry","category-destacadas","category-internacional","tag-destacadas","tag-internacional"],"jetpack_featured_media_url":"https:\/\/rnoticias.com.mx\/Portal\/wp-content\/uploads\/2025\/12\/6H2XTVIHWRCSLOVRQNW6B35QBQ-scaled.jpg","amp_enabled":true,"_links":{"self":[{"href":"https:\/\/rnoticias.com.mx\/Portal\/wp-json\/wp\/v2\/posts\/239394","targetHints":{"allow":["GET"]}}],"collection":[{"href":"https:\/\/rnoticias.com.mx\/Portal\/wp-json\/wp\/v2\/posts"}],"about":[{"href":"https:\/\/rnoticias.com.mx\/Portal\/wp-json\/wp\/v2\/types\/post"}],"author":[{"embeddable":true,"href":"https:\/\/rnoticias.com.mx\/Portal\/wp-json\/wp\/v2\/users\/2"}],"replies":[{"embeddable":true,"href":"https:\/\/rnoticias.com.mx\/Portal\/wp-json\/wp\/v2\/comments?post=239394"}],"version-history":[{"count":1,"href":"https:\/\/rnoticias.com.mx\/Portal\/wp-json\/wp\/v2\/posts\/239394\/revisions"}],"predecessor-version":[{"id":239396,"href":"https:\/\/rnoticias.com.mx\/Portal\/wp-json\/wp\/v2\/posts\/239394\/revisions\/239396"}],"wp:featuredmedia":[{"embeddable":true,"href":"https:\/\/rnoticias.com.mx\/Portal\/wp-json\/wp\/v2\/media\/239395"}],"wp:attachment":[{"href":"https:\/\/rnoticias.com.mx\/Portal\/wp-json\/wp\/v2\/media?parent=239394"}],"wp:term":[{"taxonomy":"category","embeddable":true,"href":"https:\/\/rnoticias.com.mx\/Portal\/wp-json\/wp\/v2\/categories?post=239394"},{"taxonomy":"post_tag","embeddable":true,"href":"https:\/\/rnoticias.com.mx\/Portal\/wp-json\/wp\/v2\/tags?post=239394"}],"curies":[{"name":"wp","href":"https:\/\/api.w.org\/{rel}","templated":true}]}}