{"id":239391,"date":"2025-12-23T11:40:23","date_gmt":"2025-12-23T18:40:23","guid":{"rendered":"https:\/\/rnoticias.com.mx\/Portal\/?p=239391"},"modified":"2025-12-23T11:40:23","modified_gmt":"2025-12-23T18:40:23","slug":"atencion-ciudadana-mantendra-guardia-durante-el-periodo-vacacional-en-hermosillo","status":"publish","type":"post","link":"https:\/\/rnoticias.com.mx\/Portal\/2025\/12\/23\/atencion-ciudadana-mantendra-guardia-durante-el-periodo-vacacional-en-hermosillo\/","title":{"rendered":"Atenci\u00f3n Ciudadana mantendr\u00e1 guardia durante el periodo vacacional en Hermosillo"},"content":{"rendered":"<p>Hermosillo, Sonora; 22 de diciembre de 2025.\u2013 Con el prop\u00f3sito de garantizar la continuidad en la atenci\u00f3n a la ciudadan\u00eda y brindar informaci\u00f3n oportuna durante el periodo vacacional de fin de a\u00f1o, el Gobierno de Sonora informa que las Oficinas de Atenci\u00f3n Ciudadana mantendr\u00e1n atenci\u00f3n al p\u00fablico mediante personal designado para este periodo, en un horario de 9:00 a.m. a 1:00 p.m.<\/p>\n<p>Durante este lapso, la recepci\u00f3n y atenci\u00f3n de tr\u00e1mites administrativos se realizar\u00e1 exclusivamente hasta el 23 de diciembre de 2025, a fin de atender los asuntos que as\u00ed lo requieran.<\/p>\n<p>En los d\u00edas subsecuentes del periodo vacacional, las oficinas permanecer\u00e1n abiertas para brindar orientaci\u00f3n, informaci\u00f3n general y acompa\u00f1amiento a las y los ciudadanos; con excepci\u00f3n del 25 de diciembre y 1 de enero, en los que las oficinas permanecer\u00e1n cerradas.<\/p>\n<p>El horario de atenci\u00f3n regular y las actividades administrativas se reanudar\u00e1n de manera normal el lunes 5 de enero de 2026.<\/p>\n<p>El Gobierno de Sonora agradece la comprensi\u00f3n de la ciudadan\u00eda y refrenda su compromiso de ofrecer una atenci\u00f3n respetuosa, cercana, eficiente y con sentido humano, priorizando siempre el servicio a la comunidad.<\/p>\n","protected":false},"excerpt":{"rendered":"<p>Hermosillo, Sonora; 22 de diciembre de 2025.\u2013 Con el prop\u00f3sito de garantizar la continuidad en la atenci\u00f3n a la ciudadan\u00eda y brindar informaci\u00f3n oportuna durante el periodo vacacional de fin de a\u00f1o, el Gobierno de Sonora informa que las Oficinas de Atenci\u00f3n Ciudadana mantendr\u00e1n atenci\u00f3n al p\u00fablico mediante personal designado para este periodo, en un [&hellip;]<\/p>\n","protected":false},"author":2,"featured_media":239392,"comment_status":"closed","ping_status":"closed","sticky":false,"template":"","format":"standard","meta":{"footnotes":""},"categories":[12870,178],"tags":[12865,12869],"class_list":["post-239391","post","type-post","status-publish","format-standard","has-post-thumbnail","hentry","category-destacadas","category-local","tag-destacadas","tag-local"],"jetpack_featured_media_url":"https:\/\/rnoticias.com.mx\/Portal\/wp-content\/uploads\/2025\/12\/Fachada_oeste_sonora.jpg","amp_enabled":true,"_links":{"self":[{"href":"https:\/\/rnoticias.com.mx\/Portal\/wp-json\/wp\/v2\/posts\/239391","targetHints":{"allow":["GET"]}}],"collection":[{"href":"https:\/\/rnoticias.com.mx\/Portal\/wp-json\/wp\/v2\/posts"}],"about":[{"href":"https:\/\/rnoticias.com.mx\/Portal\/wp-json\/wp\/v2\/types\/post"}],"author":[{"embeddable":true,"href":"https:\/\/rnoticias.com.mx\/Portal\/wp-json\/wp\/v2\/users\/2"}],"replies":[{"embeddable":true,"href":"https:\/\/rnoticias.com.mx\/Portal\/wp-json\/wp\/v2\/comments?post=239391"}],"version-history":[{"count":1,"href":"https:\/\/rnoticias.com.mx\/Portal\/wp-json\/wp\/v2\/posts\/239391\/revisions"}],"predecessor-version":[{"id":239393,"href":"https:\/\/rnoticias.com.mx\/Portal\/wp-json\/wp\/v2\/posts\/239391\/revisions\/239393"}],"wp:featuredmedia":[{"embeddable":true,"href":"https:\/\/rnoticias.com.mx\/Portal\/wp-json\/wp\/v2\/media\/239392"}],"wp:attachment":[{"href":"https:\/\/rnoticias.com.mx\/Portal\/wp-json\/wp\/v2\/media?parent=239391"}],"wp:term":[{"taxonomy":"category","embeddable":true,"href":"https:\/\/rnoticias.com.mx\/Portal\/wp-json\/wp\/v2\/categories?post=239391"},{"taxonomy":"post_tag","embeddable":true,"href":"https:\/\/rnoticias.com.mx\/Portal\/wp-json\/wp\/v2\/tags?post=239391"}],"curies":[{"name":"wp","href":"https:\/\/api.w.org\/{rel}","templated":true}]}}