{"id":239388,"date":"2025-12-23T11:37:11","date_gmt":"2025-12-23T18:37:11","guid":{"rendered":"https:\/\/rnoticias.com.mx\/Portal\/?p=239388"},"modified":"2025-12-23T11:37:11","modified_gmt":"2025-12-23T18:37:11","slug":"una-existencia-ligada-a-la-cronica-deportiva-lo-impulsan-hacia-recinto-de-inmortales-sonorense","status":"publish","type":"post","link":"https:\/\/rnoticias.com.mx\/Portal\/2025\/12\/23\/una-existencia-ligada-a-la-cronica-deportiva-lo-impulsan-hacia-recinto-de-inmortales-sonorense\/","title":{"rendered":"UNA EXISTENCIA LIGADA A LA CR\u00d3NICA DEPORTIVA LO IMPULSAN HACIA RECINTO DE INMORTALES SONORENSE"},"content":{"rendered":"<p class=\"x_gmail-MsoNoSpacing\"><span data-olk-copy-source=\"MessageBody\">Hermosillo, Sonora, 22 de diciembre del 2025.- Trabajar como papelerito para La Voz del Puerto a los nueve a\u00f1os de edad, le abri\u00f3 el camino a Ad\u00e1n Ag\u00fandez Marr\u00f3n para convertirse en cronista deportivo y acumular una trayectoria mayor a las cuatro d\u00e9cadas que lo inmortalizaron en la Clase 2025 del Sal\u00f3n de la Fama del Deportista Sonorense.<\/span><\/p>\n<p class=\"x_gmail-MsoNoSpacing\">\n<p class=\"x_gmail-MsoNoSpacing\">Luego de su primer contacto con la prensa escrita el 21 de mayo de 1974 cuando, como voceador, vendi\u00f3 el primer ejemplar del peri\u00f3dico La Voz del Puerto; el 1 de diciembre de 1982 marc\u00f3 su ingreso oficial en ese prestigioso diario, primero como responsable de circulaci\u00f3n, despu\u00e9s como editor de la secci\u00f3n deportiva, jefe de informaci\u00f3n, coordinador editorial y hasta encargado del despacho de la direcci\u00f3n.<\/p>\n<p class=\"x_gmail-MsoNoSpacing\">\n<p class=\"x_gmail-MsoNoSpacing\">En su paso ha cubierto diversas disciplinas desde el \u201crey de los deportes\u201d, boxeo lucha libre, destacando Series del Caribe y peleas de campeonato mundial, con principal \u00e9nfasis en la Liga Mexicana del Pac\u00edfico.<\/p>\n<p class=\"x_gmail-MsoNoSpacing\">\n<p class=\"x_gmail-MsoNoSpacing\">En enero de 1991 le toc\u00f3 presenciar y redactar el \u00faltimo juego de Ostioneros de Guaymas en el parque \u201cAbelardo L. Rodr\u00edguez\u201d, tambi\u00e9n, ese mismo a\u00f1o, escribi\u00f3 la nota del \u00faltimo partido de la misma franquicia de Liga Mexicana del Pac\u00edfico cuando fueron eliminados por Potros en Tijuana, Baja California, equipo al que sigui\u00f3 desde 1986.<\/p>\n<p class=\"x_gmail-MsoNoSpacing\">\n<p class=\"x_gmail-MsoNoSpacing\">Particip\u00f3 con c\u00e1psulas en el programa \u201cDiferencia Informativa\u201d, que se transmit\u00eda a trav\u00e9s de la Radio Amor 101.3, despu\u00e9s, en el 2015, se convirti\u00f3 en director de su portal \u201cDel Puerto Noticias\u201d y actualmente sigue colaborando para el peri\u00f3dico El Vig\u00eda y tambi\u00e9n manda material a medios digitales de la regi\u00f3n Guaymas-Empalme.<\/p>\n","protected":false},"excerpt":{"rendered":"<p>Hermosillo, Sonora, 22 de diciembre del 2025.- Trabajar como papelerito para La Voz del Puerto a los nueve a\u00f1os de edad, le abri\u00f3 el camino a Ad\u00e1n Ag\u00fandez Marr\u00f3n para convertirse en cronista deportivo y acumular una trayectoria mayor a las cuatro d\u00e9cadas que lo inmortalizaron en la Clase 2025 del Sal\u00f3n de la Fama [&hellip;]<\/p>\n","protected":false},"author":2,"featured_media":239389,"comment_status":"closed","ping_status":"closed","sticky":false,"template":"","format":"standard","meta":{"footnotes":""},"categories":[188,12870],"tags":[5231,12865],"class_list":["post-239388","post","type-post","status-publish","format-standard","has-post-thumbnail","hentry","category-deportes","category-destacadas","tag-deportes","tag-destacadas"],"jetpack_featured_media_url":"https:\/\/rnoticias.com.mx\/Portal\/wp-content\/uploads\/2025\/12\/Adan-Agundez-Clase-2025-SFDS-.jpg","amp_enabled":true,"_links":{"self":[{"href":"https:\/\/rnoticias.com.mx\/Portal\/wp-json\/wp\/v2\/posts\/239388","targetHints":{"allow":["GET"]}}],"collection":[{"href":"https:\/\/rnoticias.com.mx\/Portal\/wp-json\/wp\/v2\/posts"}],"about":[{"href":"https:\/\/rnoticias.com.mx\/Portal\/wp-json\/wp\/v2\/types\/post"}],"author":[{"embeddable":true,"href":"https:\/\/rnoticias.com.mx\/Portal\/wp-json\/wp\/v2\/users\/2"}],"replies":[{"embeddable":true,"href":"https:\/\/rnoticias.com.mx\/Portal\/wp-json\/wp\/v2\/comments?post=239388"}],"version-history":[{"count":1,"href":"https:\/\/rnoticias.com.mx\/Portal\/wp-json\/wp\/v2\/posts\/239388\/revisions"}],"predecessor-version":[{"id":239390,"href":"https:\/\/rnoticias.com.mx\/Portal\/wp-json\/wp\/v2\/posts\/239388\/revisions\/239390"}],"wp:featuredmedia":[{"embeddable":true,"href":"https:\/\/rnoticias.com.mx\/Portal\/wp-json\/wp\/v2\/media\/239389"}],"wp:attachment":[{"href":"https:\/\/rnoticias.com.mx\/Portal\/wp-json\/wp\/v2\/media?parent=239388"}],"wp:term":[{"taxonomy":"category","embeddable":true,"href":"https:\/\/rnoticias.com.mx\/Portal\/wp-json\/wp\/v2\/categories?post=239388"},{"taxonomy":"post_tag","embeddable":true,"href":"https:\/\/rnoticias.com.mx\/Portal\/wp-json\/wp\/v2\/tags?post=239388"}],"curies":[{"name":"wp","href":"https:\/\/api.w.org\/{rel}","templated":true}]}}