{"id":239385,"date":"2025-12-23T11:36:29","date_gmt":"2025-12-23T18:36:29","guid":{"rendered":"https:\/\/rnoticias.com.mx\/Portal\/?p=239385"},"modified":"2025-12-23T11:36:29","modified_gmt":"2025-12-23T18:36:29","slug":"por-su-aporte-historico-al-futbol-de-sonora-es-aaron-gamal-aguirre-un-inmortal-del-deporte","status":"publish","type":"post","link":"https:\/\/rnoticias.com.mx\/Portal\/2025\/12\/23\/por-su-aporte-historico-al-futbol-de-sonora-es-aaron-gamal-aguirre-un-inmortal-del-deporte\/","title":{"rendered":"POR SU APORTE HIST\u00d3RICO AL FUTBOL DE SONORA, ES AAR\u00d3N GAMAL AGUIRRE UN INMORTAL DEL DEPORTE"},"content":{"rendered":"<p class=\"x_gmail-MsoNoSpacing\"><span data-olk-copy-source=\"MessageBody\">Hermosillo, Sonora, 22 de diciembre del 2025.- Hablar de Aar\u00f3n Gamal Aguirre Fimbres (+) es hacerlo de un referente del futbol de nuestra entidad y por ello su entronizaci\u00f3n al Sal\u00f3n de la Fama del Deportista Sonorense, como parte de la Clase 2025, en la categor\u00eda de Profesional, es un gran reconocimiento a la incomparable trayectoria que fragu\u00f3 en la cancha.<\/span><\/p>\n<p class=\"x_gmail-MsoNoSpacing\">\n<p class=\"x_gmail-MsoNoSpacing\">Originario de Suaqui Grande (8 enero 1959), es recordado por irrumpir en el mejor balompi\u00e9 mexicano (Primera Divisi\u00f3n) cuando era un sue\u00f1o para un jugador nacido en Sonora llegar\u00a0a ese nivel en el deporte azteca.<\/p>\n<p class=\"x_gmail-MsoNoSpacing\">\n<p class=\"x_gmail-MsoNoSpacing\">No solamente fue parte de equipos de Primera Divisi\u00f3n de la Liga de Futbol Mexicano, en donde se mantuvo por espacio de 14 a\u00f1os, sino que tambi\u00e9n port\u00f3, como defensa (su posici\u00f3n habitual) los colores de la Selecci\u00f3n Nacional, lo cual tambi\u00e9n consigui\u00f3 siendo apenas un jugador de la categor\u00eda juvenil.<\/p>\n<p class=\"x_gmail-MsoNoSpacing\">\n<p class=\"x_gmail-MsoNoSpacing\">Desde muy joven incursion\u00f3 en el deporte, dando sus primeros pasos en el beisbol, pero por circunstancias del destino, vir\u00f3 hacia el balompi\u00e9, en donde forj\u00f3 una de las trayectorias m\u00e1s importantes para un sonorense en el \u00e1mbito profesional.<\/p>\n<p class=\"x_gmail-MsoNoSpacing\">\n<p class=\"x_gmail-MsoNoSpacing\">Su debut en la Primera Divisi\u00f3n fue en 1978 con los Coyotes Neza, equipo con el que permaneci\u00f3 hasta 1985, posteriormente aline\u00f3 en tres equipos m\u00e1s: \u00c1ngeles de Puebla (1985-87), Club Puebla (1987-88) y Tigres UANL (1988-1992).<\/p>\n<p class=\"x_gmail-MsoNoSpacing\">\n<p class=\"x_gmail-MsoNoSpacing\">Cabe destacar que, en Monterrey, podr\u00edamos decir, \u201cech\u00f3 ra\u00edces\u201d, pues ah\u00ed recibi\u00f3 el cari\u00f1o de la gente, incluso, luego de su retiro como activo, vivi\u00f3 en la Sultana del Norte por 30 a\u00f1os, en donde falleci\u00f3 en el 2022 (16 marzo).<\/p>\n<p class=\"x_gmail-MsoNoSpacing\">\n<p class=\"x_gmail-MsoNoSpacing\">En total el defensa sonorense particip\u00f3 en 274 partidos en la Primera Divisi\u00f3n del Futbol Mexicano, en su estancia de 14 a\u00f1os en ese circuito, en donde marc\u00f3 21 goles. Adem\u00e1s, en la temporada 1987-88 fue parte del equipo del Club Puebla que gan\u00f3 la Copa M\u00e9xico.<\/p>\n<p class=\"x_gmail-MsoNoSpacing\">\n<p class=\"x_gmail-MsoNoSpacing\">Con la Selecci\u00f3n Mexicana debut\u00f3 en la categor\u00eda menor, en el Campeonato Mundial Juvenil (Sub 20) Australia 1981, a\u00f1os m\u00e1s tarde, ya con el \u201cTricolor\u201d mayor, jug\u00f3 en dos encuentros de preparaci\u00f3n hacia la Copa del Mundo M\u00e9xico 1986, entre 1984 y 1985, tras el llamado del t\u00e9cnico Bora Milutinovic.<\/p>\n<p class=\"x_gmail-MsoNoSpacing\">\n<p class=\"x_gmail-MsoNoSpacing\">No podemos olvidar su gran aporte al futbol sonorense en el sector amateur, ya que tambi\u00e9n form\u00f3 parte de la llamada \u201cGeneraci\u00f3n Dorada\u201d al lado de otros futbolistas legendarios de Sonora como Fernando \u201cFena\u201d Bernal, Jos\u00e9 Ram\u00f3n Hern\u00e1ndez, Javier \u201cJ\u00edcama\u201d Acu\u00f1a, Rafael \u201cCheyel\u201d Acu\u00f1a y Manuel Ignacio Guerra.<\/p>\n<p class=\"x_gmail-MsoNoSpacing\">\n<p class=\"x_gmail-MsoNoSpacing\">Debido a su excelente trayectoria, el 30 de abril del 2016 el campo n\u00famero 3 de la Unidad Deportiva de La Sauceda lleva su nombre, en honor al legado que dej\u00f3 en la cancha en nuestra entidad, tanto en el nivel amateur como profesional.<\/p>\n","protected":false},"excerpt":{"rendered":"<p>Hermosillo, Sonora, 22 de diciembre del 2025.- Hablar de Aar\u00f3n Gamal Aguirre Fimbres (+) es hacerlo de un referente del futbol de nuestra entidad y por ello su entronizaci\u00f3n al Sal\u00f3n de la Fama del Deportista Sonorense, como parte de la Clase 2025, en la categor\u00eda de Profesional, es un gran reconocimiento a la incomparable [&hellip;]<\/p>\n","protected":false},"author":2,"featured_media":239386,"comment_status":"closed","ping_status":"closed","sticky":false,"template":"","format":"standard","meta":{"footnotes":""},"categories":[188,12870],"tags":[5231,12865],"class_list":["post-239385","post","type-post","status-publish","format-standard","has-post-thumbnail","hentry","category-deportes","category-destacadas","tag-deportes","tag-destacadas"],"jetpack_featured_media_url":"https:\/\/rnoticias.com.mx\/Portal\/wp-content\/uploads\/2025\/12\/Aaron-Gamal-Aguirre-Fimbres.webp","amp_enabled":true,"_links":{"self":[{"href":"https:\/\/rnoticias.com.mx\/Portal\/wp-json\/wp\/v2\/posts\/239385","targetHints":{"allow":["GET"]}}],"collection":[{"href":"https:\/\/rnoticias.com.mx\/Portal\/wp-json\/wp\/v2\/posts"}],"about":[{"href":"https:\/\/rnoticias.com.mx\/Portal\/wp-json\/wp\/v2\/types\/post"}],"author":[{"embeddable":true,"href":"https:\/\/rnoticias.com.mx\/Portal\/wp-json\/wp\/v2\/users\/2"}],"replies":[{"embeddable":true,"href":"https:\/\/rnoticias.com.mx\/Portal\/wp-json\/wp\/v2\/comments?post=239385"}],"version-history":[{"count":1,"href":"https:\/\/rnoticias.com.mx\/Portal\/wp-json\/wp\/v2\/posts\/239385\/revisions"}],"predecessor-version":[{"id":239387,"href":"https:\/\/rnoticias.com.mx\/Portal\/wp-json\/wp\/v2\/posts\/239385\/revisions\/239387"}],"wp:featuredmedia":[{"embeddable":true,"href":"https:\/\/rnoticias.com.mx\/Portal\/wp-json\/wp\/v2\/media\/239386"}],"wp:attachment":[{"href":"https:\/\/rnoticias.com.mx\/Portal\/wp-json\/wp\/v2\/media?parent=239385"}],"wp:term":[{"taxonomy":"category","embeddable":true,"href":"https:\/\/rnoticias.com.mx\/Portal\/wp-json\/wp\/v2\/categories?post=239385"},{"taxonomy":"post_tag","embeddable":true,"href":"https:\/\/rnoticias.com.mx\/Portal\/wp-json\/wp\/v2\/tags?post=239385"}],"curies":[{"name":"wp","href":"https:\/\/api.w.org\/{rel}","templated":true}]}}