{"id":239379,"date":"2025-12-23T11:34:37","date_gmt":"2025-12-23T18:34:37","guid":{"rendered":"https:\/\/rnoticias.com.mx\/Portal\/?p=239379"},"modified":"2025-12-23T11:34:37","modified_gmt":"2025-12-23T18:34:37","slug":"el-salon-de-la-fama-del-deportista-sonorense-llega-a-su-cuadragesima-entronizacion-en-2025","status":"publish","type":"post","link":"https:\/\/rnoticias.com.mx\/Portal\/2025\/12\/23\/el-salon-de-la-fama-del-deportista-sonorense-llega-a-su-cuadragesima-entronizacion-en-2025\/","title":{"rendered":"EL SAL\u00d3N DE LA FAMA DEL DEPORTISTA SONORENSE LLEGA A SU CUADRAG\u00c9SIMA ENTRONIZACI\u00d3N EN 2025"},"content":{"rendered":"<p class=\"x_gmail-MsoNoSpacing\"><span data-olk-copy-source=\"MessageBody\">Hermosillo, Sonora, 22 de diciembre del 2025.- La entronizaci\u00f3n de la Clase 2025 del Sal\u00f3n de la Fama del Deportista Sonorense nos regal\u00f3 un toque m\u00e1gico, ya que, adem\u00e1s de convertirse en la cuadrag\u00e9sima ceremonia efectuada desde 1980, cuando se instaur\u00f3 el recinto de inmortales, present\u00f3 lazos de uni\u00f3n entre los galardonados.<\/span><\/p>\n<p class=\"x_gmail-MsoNoSpacing\">\n<p class=\"x_gmail-MsoNoSpacing\">De igual forma, al ingresar este a\u00f1o nueve celebridades, que en base a sus logros deportivos pusieron en alto el nombre de Sonora dentro y fuera del pa\u00eds, el n\u00famero de miembros en el pabell\u00f3n lleg\u00f3 a 240, entre deportistas, entrenadores, directivos, cronistas, benefactores y promotores.<\/p>\n<p class=\"x_gmail-MsoNoSpacing\">\n<p class=\"x_gmail-MsoNoSpacing\">En la inclusi\u00f3n de este a\u00f1o hubo varias situaciones singulares, una de ellas fue la entrada de dos hermanos en la misma generaci\u00f3n, caso in\u00e9dito en el Sal\u00f3n de la Fama del Deportista Sonorense, debido a la consagraci\u00f3n de Mar\u00eda del Carmen y C\u00e9sar Fernando Valenzuela G\u00f3mez, ambos relacionados con la disciplina de gimnasia art\u00edstica. Ella lo logr\u00f3 mediante sus resultados en el cargo de entrenadora y \u00e9l gracias a los \u00e9xitos en la faceta de atleta.<\/p>\n<p class=\"x_gmail-MsoNoSpacing\">\n<p class=\"x_gmail-MsoNoSpacing\">Asimismo, hubo una afinidad m\u00e1s, pues los cu\u00f1ados y destacados jugadores de futbol, Sergio S\u00e1nchez Ruiz y Aar\u00f3n Gamal Aguirre Fimbres (+), ingresaron al mismo tiempo al nicho de leyendas. Los futbolistas emparentaron pues Mar\u00eda Teresa de Jes\u00fas, hermana del \u201cBuy\u201d, se cas\u00f3 con quien brillara por 14 a\u00f1os en el balompi\u00e9 profesional en la Primera Divisi\u00f3n, portando los colores de varios equipos.<\/p>\n<p class=\"x_gmail-MsoNoSpacing\">\n<p class=\"x_gmail-MsoNoSpacing\">Por si fuera poco, el otro jugador de futbol entronizado en la Clase 2025, Alfonso \u201cPicochulo\u201d Zepeda, es, desde la juventud, amigo muy cercano del \u201cBuy\u201d S\u00e1nchez, relaci\u00f3n de compa\u00f1erismo que tambi\u00e9n sostuvo con Aguirre Fimbres, pues los tres coincidieron muchas ocasiones en la cancha defendiendo la camiseta de Sonora, incluso dentro de la llamada \u201cGeneraci\u00f3n Dorada\u201d, oncena que gan\u00f3 tres t\u00edtulos nacionales de forma consecutiva.<\/p>\n<p class=\"x_gmail-MsoNoSpacing\">\n<p class=\"x_gmail-MsoNoSpacing\">A su vez, los Naranjeros de Hermosillo festejaron en grande, pues dos figuras trascendentales de su rico historial fueron exaltadas al recinto: Enrique Maz\u00f3n, quien por m\u00e1s de 35 a\u00f1os fungi\u00f3 como presidente del Club, y \u00d3scar Soria, que ya rebasa las tres d\u00e9cadas siendo el cronista televisivo de los multicampeones de la Liga Mexicana del Pac\u00edfico.<\/p>\n<p class=\"x_gmail-MsoNoSpacing\">\n<p class=\"x_gmail-MsoNoSpacing\">Siguiendo el camino del diamante, Juan Carlos Durazo, una reconocida personalidad en el \u00e1mbito del \u201crey de los deportes\u201d, por los \u00e9xitos conseguidos como m\u00e1nager y coach, tambi\u00e9n form\u00f3 parte de la Clase 2025, que se complementa con el cronista deportivo Ad\u00e1n Ag\u00fandez, quien, aunque ha cubierto varios deportes en su trayectoria, destaca la etapa en la cual inform\u00f3 a trav\u00e9s de cr\u00f3nicas y reportajes las jornadas del beisbol de la LMP.<\/p>\n","protected":false},"excerpt":{"rendered":"<p>Hermosillo, Sonora, 22 de diciembre del 2025.- La entronizaci\u00f3n de la Clase 2025 del Sal\u00f3n de la Fama del Deportista Sonorense nos regal\u00f3 un toque m\u00e1gico, ya que, adem\u00e1s de convertirse en la cuadrag\u00e9sima ceremonia efectuada desde 1980, cuando se instaur\u00f3 el recinto de inmortales, present\u00f3 lazos de uni\u00f3n entre los galardonados. De igual forma, [&hellip;]<\/p>\n","protected":false},"author":2,"featured_media":239380,"comment_status":"closed","ping_status":"closed","sticky":false,"template":"","format":"standard","meta":{"footnotes":""},"categories":[188,12870],"tags":[5231,12865],"class_list":["post-239379","post","type-post","status-publish","format-standard","has-post-thumbnail","hentry","category-deportes","category-destacadas","tag-deportes","tag-destacadas"],"jetpack_featured_media_url":"https:\/\/rnoticias.com.mx\/Portal\/wp-content\/uploads\/2025\/12\/Muro-de-Inmortales-SFDS-.jpeg","amp_enabled":true,"_links":{"self":[{"href":"https:\/\/rnoticias.com.mx\/Portal\/wp-json\/wp\/v2\/posts\/239379","targetHints":{"allow":["GET"]}}],"collection":[{"href":"https:\/\/rnoticias.com.mx\/Portal\/wp-json\/wp\/v2\/posts"}],"about":[{"href":"https:\/\/rnoticias.com.mx\/Portal\/wp-json\/wp\/v2\/types\/post"}],"author":[{"embeddable":true,"href":"https:\/\/rnoticias.com.mx\/Portal\/wp-json\/wp\/v2\/users\/2"}],"replies":[{"embeddable":true,"href":"https:\/\/rnoticias.com.mx\/Portal\/wp-json\/wp\/v2\/comments?post=239379"}],"version-history":[{"count":1,"href":"https:\/\/rnoticias.com.mx\/Portal\/wp-json\/wp\/v2\/posts\/239379\/revisions"}],"predecessor-version":[{"id":239381,"href":"https:\/\/rnoticias.com.mx\/Portal\/wp-json\/wp\/v2\/posts\/239379\/revisions\/239381"}],"wp:featuredmedia":[{"embeddable":true,"href":"https:\/\/rnoticias.com.mx\/Portal\/wp-json\/wp\/v2\/media\/239380"}],"wp:attachment":[{"href":"https:\/\/rnoticias.com.mx\/Portal\/wp-json\/wp\/v2\/media?parent=239379"}],"wp:term":[{"taxonomy":"category","embeddable":true,"href":"https:\/\/rnoticias.com.mx\/Portal\/wp-json\/wp\/v2\/categories?post=239379"},{"taxonomy":"post_tag","embeddable":true,"href":"https:\/\/rnoticias.com.mx\/Portal\/wp-json\/wp\/v2\/tags?post=239379"}],"curies":[{"name":"wp","href":"https:\/\/api.w.org\/{rel}","templated":true}]}}