{"id":239376,"date":"2025-12-23T11:32:45","date_gmt":"2025-12-23T18:32:45","guid":{"rendered":"https:\/\/rnoticias.com.mx\/Portal\/?p=239376"},"modified":"2025-12-23T11:32:45","modified_gmt":"2025-12-23T18:32:45","slug":"informa-ayuntamiento-de-hermosillo-suspension-de-servicio-de-recoleccion-los-dias-25-de-diciembre-y-1-de-enero","status":"publish","type":"post","link":"https:\/\/rnoticias.com.mx\/Portal\/2025\/12\/23\/informa-ayuntamiento-de-hermosillo-suspension-de-servicio-de-recoleccion-los-dias-25-de-diciembre-y-1-de-enero\/","title":{"rendered":"Informa Ayuntamiento de Hermosillo suspensi\u00f3n de servicio de recolecci\u00f3n los d\u00edas 25 de diciembre y 1 de enero"},"content":{"rendered":"<p><b data-olk-copy-source=\"MessageBody\">Hermosillo, Sonora; 22 de diciembre, 2025.-\u00a0<\/b>Como cada a\u00f1o, los d\u00edas jueves 25 de diciembre y 1 de enero de 2026 se suspender\u00e1 el servicio de recolecci\u00f3n de basura en los domicilios, inform\u00f3 Sergio Pavlovich Escalante, director de Servicios P\u00fablicos Municipales.<\/p>\n<p>Pavlovich Escalante explic\u00f3 que son los \u00fanicos d\u00edas en el a\u00f1o en los que no se otorga el servicio por lo que sugiri\u00f3 a las y los hermosillenses no sacar los desechos de sus hogares en las mencionadas fechas, sino al siguiente d\u00eda que toque la recolecci\u00f3n cuando acudir\u00e1n con normalidad los camiones en todas las rutas de recolecci\u00f3n ya establecidas.<\/p>\n<p>\u201cSon de los pocos d\u00edas en los cuales no prestamos el servicio, debido al Contrato Colectivo firmado con los trabajadores del Ayuntamiento, pedimos que guarden los residuos en sus casas hasta el d\u00eda par de recolecci\u00f3n\u201d, explic\u00f3.<\/p>\n<p>Para quienes por alguna circunstancia necesitan deshacerse de sus desechos, puede dejarlos en alguno de los puntos de recolecci\u00f3n permanentes que opera Servicios P\u00fablicos Municipales en puntos estrat\u00e9gicos de la ciudad a excepci\u00f3n de los d\u00edas 25 de diciembre y 1 de enero.<\/p>\n","protected":false},"excerpt":{"rendered":"<p>Hermosillo, Sonora; 22 de diciembre, 2025.-\u00a0Como cada a\u00f1o, los d\u00edas jueves 25 de diciembre y 1 de enero de 2026 se suspender\u00e1 el servicio de recolecci\u00f3n de basura en los domicilios, inform\u00f3 Sergio Pavlovich Escalante, director de Servicios P\u00fablicos Municipales. Pavlovich Escalante explic\u00f3 que son los \u00fanicos d\u00edas en el a\u00f1o en los que no [&hellip;]<\/p>\n","protected":false},"author":2,"featured_media":239377,"comment_status":"closed","ping_status":"closed","sticky":false,"template":"","format":"standard","meta":{"footnotes":""},"categories":[12870,178],"tags":[12865,12869],"class_list":["post-239376","post","type-post","status-publish","format-standard","has-post-thumbnail","hentry","category-destacadas","category-local","tag-destacadas","tag-local"],"jetpack_featured_media_url":"https:\/\/rnoticias.com.mx\/Portal\/wp-content\/uploads\/2025\/12\/SP2025.jpeg","amp_enabled":true,"_links":{"self":[{"href":"https:\/\/rnoticias.com.mx\/Portal\/wp-json\/wp\/v2\/posts\/239376","targetHints":{"allow":["GET"]}}],"collection":[{"href":"https:\/\/rnoticias.com.mx\/Portal\/wp-json\/wp\/v2\/posts"}],"about":[{"href":"https:\/\/rnoticias.com.mx\/Portal\/wp-json\/wp\/v2\/types\/post"}],"author":[{"embeddable":true,"href":"https:\/\/rnoticias.com.mx\/Portal\/wp-json\/wp\/v2\/users\/2"}],"replies":[{"embeddable":true,"href":"https:\/\/rnoticias.com.mx\/Portal\/wp-json\/wp\/v2\/comments?post=239376"}],"version-history":[{"count":1,"href":"https:\/\/rnoticias.com.mx\/Portal\/wp-json\/wp\/v2\/posts\/239376\/revisions"}],"predecessor-version":[{"id":239378,"href":"https:\/\/rnoticias.com.mx\/Portal\/wp-json\/wp\/v2\/posts\/239376\/revisions\/239378"}],"wp:featuredmedia":[{"embeddable":true,"href":"https:\/\/rnoticias.com.mx\/Portal\/wp-json\/wp\/v2\/media\/239377"}],"wp:attachment":[{"href":"https:\/\/rnoticias.com.mx\/Portal\/wp-json\/wp\/v2\/media?parent=239376"}],"wp:term":[{"taxonomy":"category","embeddable":true,"href":"https:\/\/rnoticias.com.mx\/Portal\/wp-json\/wp\/v2\/categories?post=239376"},{"taxonomy":"post_tag","embeddable":true,"href":"https:\/\/rnoticias.com.mx\/Portal\/wp-json\/wp\/v2\/tags?post=239376"}],"curies":[{"name":"wp","href":"https:\/\/api.w.org\/{rel}","templated":true}]}}