{"id":239356,"date":"2025-12-23T10:53:44","date_gmt":"2025-12-23T17:53:44","guid":{"rendered":"https:\/\/rnoticias.com.mx\/Portal\/?p=239356"},"modified":"2025-12-23T10:53:44","modified_gmt":"2025-12-23T17:53:44","slug":"pri-descarta-candidato-ciudadano-presidencial-en-2030-alito-se-apunta-para-eleccion","status":"publish","type":"post","link":"https:\/\/rnoticias.com.mx\/Portal\/2025\/12\/23\/pri-descarta-candidato-ciudadano-presidencial-en-2030-alito-se-apunta-para-eleccion\/","title":{"rendered":"PRI descarta candidato ciudadano presidencial en 2030; \u2018Alito\u2019 se apunta para elecci\u00f3n"},"content":{"rendered":"<p>El presidente del Partido Revolucionario Institucional (PRI),\u00a0<strong>Alejandro Moreno<\/strong>, dijo este lunes que para la\u00a0<strong>elecci\u00f3n presidencial de 2030<\/strong>\u00a0su partido no elegir\u00e1 a un\u00a0<strong>candidato<\/strong>\u00a0ciudadano, tras dos fuertes derrotas en 2018 y 2024 con esa figura y se apunt\u00f3 para ser \u00e9l quien represente al colectivo pol\u00edtico.<\/p>\n<p>Record\u00f3 que en 2018 y 2024 dos veces han tenido candidatos ciudadanos, el primero fue\u00a0<strong>Jos\u00e9 Antonio Meade<\/strong>, que perdi\u00f3 ante\u00a0<strong>Andr\u00e9s Manuel L\u00f3pez Obrador<\/strong>, presidente de 2018 a 2024, y la segunda en alianza con el Partido Acci\u00f3n Nacional (PAN),\u00a0<strong>X\u00f3chitl G\u00e1lvez<\/strong>, quien fue derrotada por la actual presidenta,\u00a0<strong>Claudia Sheinbaum<\/strong>.<\/p>\n<p>Dijo que el PRI, que se mantuvo el poder en el pa\u00eds durante 71 a\u00f1os, de 1929 a 2000, y en una segunda de 2012 a 2018, &#8220;no tiene derecho de hundir al pa\u00eds&#8221; en el 2030 o en 2027 cuando se celebren elecciones intermedias. Adem\u00e1s, Moreno dijo que el \u00fanico pol\u00edtico del partido que re\u00fane las condiciones para esa candidatura es \u00e9l.<\/p>\n<p>En distintas ocasiones Moreno ha declarado que su partido est\u00e1 listo para ir solo en las elecciones intermedias del 2027 y ahora apunt\u00f3 tambi\u00e9n el 2030.<\/p>\n","protected":false},"excerpt":{"rendered":"<p>El presidente del Partido Revolucionario Institucional (PRI),\u00a0Alejandro Moreno, dijo este lunes que para la\u00a0elecci\u00f3n presidencial de 2030\u00a0su partido no elegir\u00e1 a un\u00a0candidato\u00a0ciudadano, tras dos fuertes derrotas en 2018 y 2024 con esa figura y se apunt\u00f3 para ser \u00e9l quien represente al colectivo pol\u00edtico. Record\u00f3 que en 2018 y 2024 dos veces han tenido candidatos [&hellip;]<\/p>\n","protected":false},"author":2,"featured_media":239357,"comment_status":"closed","ping_status":"closed","sticky":false,"template":"","format":"standard","meta":{"footnotes":""},"categories":[12870,12868],"tags":[12865,12879],"class_list":["post-239356","post","type-post","status-publish","format-standard","has-post-thumbnail","hentry","category-destacadas","category-politica","tag-destacadas","tag-politica"],"jetpack_featured_media_url":"https:\/\/rnoticias.com.mx\/Portal\/wp-content\/uploads\/2025\/12\/alito-moreno-pri-elecciones-presidenciales-2030.jpg_573009497.webp","amp_enabled":true,"_links":{"self":[{"href":"https:\/\/rnoticias.com.mx\/Portal\/wp-json\/wp\/v2\/posts\/239356","targetHints":{"allow":["GET"]}}],"collection":[{"href":"https:\/\/rnoticias.com.mx\/Portal\/wp-json\/wp\/v2\/posts"}],"about":[{"href":"https:\/\/rnoticias.com.mx\/Portal\/wp-json\/wp\/v2\/types\/post"}],"author":[{"embeddable":true,"href":"https:\/\/rnoticias.com.mx\/Portal\/wp-json\/wp\/v2\/users\/2"}],"replies":[{"embeddable":true,"href":"https:\/\/rnoticias.com.mx\/Portal\/wp-json\/wp\/v2\/comments?post=239356"}],"version-history":[{"count":1,"href":"https:\/\/rnoticias.com.mx\/Portal\/wp-json\/wp\/v2\/posts\/239356\/revisions"}],"predecessor-version":[{"id":239358,"href":"https:\/\/rnoticias.com.mx\/Portal\/wp-json\/wp\/v2\/posts\/239356\/revisions\/239358"}],"wp:featuredmedia":[{"embeddable":true,"href":"https:\/\/rnoticias.com.mx\/Portal\/wp-json\/wp\/v2\/media\/239357"}],"wp:attachment":[{"href":"https:\/\/rnoticias.com.mx\/Portal\/wp-json\/wp\/v2\/media?parent=239356"}],"wp:term":[{"taxonomy":"category","embeddable":true,"href":"https:\/\/rnoticias.com.mx\/Portal\/wp-json\/wp\/v2\/categories?post=239356"},{"taxonomy":"post_tag","embeddable":true,"href":"https:\/\/rnoticias.com.mx\/Portal\/wp-json\/wp\/v2\/tags?post=239356"}],"curies":[{"name":"wp","href":"https:\/\/api.w.org\/{rel}","templated":true}]}}