{"id":239330,"date":"2025-12-22T14:56:20","date_gmt":"2025-12-22T21:56:20","guid":{"rendered":"https:\/\/rnoticias.com.mx\/Portal\/?p=239330"},"modified":"2025-12-22T14:56:20","modified_gmt":"2025-12-22T21:56:20","slug":"ine-sonora-exhorta-a-actualizar-credenciales-2025-antes-de-enero","status":"publish","type":"post","link":"https:\/\/rnoticias.com.mx\/Portal\/2025\/12\/22\/ine-sonora-exhorta-a-actualizar-credenciales-2025-antes-de-enero\/","title":{"rendered":"INE Sonora exhorta a actualizar credenciales 2025 antes de enero"},"content":{"rendered":"<p>Hermosillo, Sonora. Con el objetivo de evitar saturaci\u00f3n en los m\u00f3dulos de atenci\u00f3n durante el arranque del pr\u00f3ximo a\u00f1o, el Instituto Nacional Electoral (INE) en Sonora reiter\u00f3 el llamado a la ciudadan\u00eda cuya credencial para votar tiene vigencia 2025, para que realice su renovaci\u00f3n antes de concluir el presente a\u00f1o.<\/p>\n<p>&nbsp;<\/p>\n<p>La vocal del Registro Federal de Electores de la 03 Junta Distrital Ejecutiva, Soledad Barrientos L\u00f3pez, explic\u00f3 que las credenciales expedidas en 2015 dejar\u00e1n de ser v\u00e1lidas, por lo que es importante anticipar el tr\u00e1mite y evitar contratiempos.<\/p>\n<p>&nbsp;<\/p>\n<p>\u201cActualmente, en la entidad existen m\u00e1s de 91 mil credenciales en esta condici\u00f3n, por lo que el INE habilit\u00f3 horarios especiales de atenci\u00f3n durante diciembre\u201d, cont\u00f3.<\/p>\n<p>&nbsp;<\/p>\n<p>Detall\u00f3, que los m\u00f3dulos operar\u00e1n de lunes a s\u00e1bado hasta el 23 de diciembre, suspender\u00e1n labores los d\u00edas 24 y 25, reanudar\u00e1n el 26 y 27, y permanecer\u00e1n cerrados del 29 de diciembre al 3 de enero. Los m\u00f3dulos de Plaza Manantiales y Las Quintas atender\u00e1n de 8:00 a 15:00 horas, mientras que Pabell\u00f3n Misiones lo har\u00e1 de 8:00 a 20:00 horas.<\/p>\n<p>&nbsp;<\/p>\n<p>Barrientos L\u00f3pez detall\u00f3 que quienes realicen el tr\u00e1mite antes de fin de a\u00f1o solo deber\u00e1n presentar su credencial anterior y proporcionar su huella, mientras que a partir de enero se solicitar\u00e1 comprobante de domicilio al tratarse de un proceso de reincorporaci\u00f3n.<\/p>\n<p>&nbsp;<\/p>\n<p>Finalmente, record\u00f3 que la credencial vigente es indispensable para diversos tr\u00e1mites oficiales y que el servicio puede realizarse con o sin cita, o bien, agendarla v\u00eda INETEL al 800 433 2000.<\/p>\n<p>&nbsp;<\/p>\n","protected":false},"excerpt":{"rendered":"<p>Hermosillo, Sonora. Con el objetivo de evitar saturaci\u00f3n en los m\u00f3dulos de atenci\u00f3n durante el arranque del pr\u00f3ximo a\u00f1o, el Instituto Nacional Electoral (INE) en Sonora reiter\u00f3 el llamado a la ciudadan\u00eda cuya credencial para votar tiene vigencia 2025, para que realice su renovaci\u00f3n antes de concluir el presente a\u00f1o. &nbsp; La vocal del Registro [&hellip;]<\/p>\n","protected":false},"author":2,"featured_media":239331,"comment_status":"closed","ping_status":"closed","sticky":false,"template":"","format":"standard","meta":{"footnotes":""},"categories":[12870,178],"tags":[12865,12869],"class_list":["post-239330","post","type-post","status-publish","format-standard","has-post-thumbnail","hentry","category-destacadas","category-local","tag-destacadas","tag-local"],"jetpack_featured_media_url":"https:\/\/rnoticias.com.mx\/Portal\/wp-content\/uploads\/2025\/12\/BOL89-INEBC-01.jpeg","amp_enabled":true,"_links":{"self":[{"href":"https:\/\/rnoticias.com.mx\/Portal\/wp-json\/wp\/v2\/posts\/239330","targetHints":{"allow":["GET"]}}],"collection":[{"href":"https:\/\/rnoticias.com.mx\/Portal\/wp-json\/wp\/v2\/posts"}],"about":[{"href":"https:\/\/rnoticias.com.mx\/Portal\/wp-json\/wp\/v2\/types\/post"}],"author":[{"embeddable":true,"href":"https:\/\/rnoticias.com.mx\/Portal\/wp-json\/wp\/v2\/users\/2"}],"replies":[{"embeddable":true,"href":"https:\/\/rnoticias.com.mx\/Portal\/wp-json\/wp\/v2\/comments?post=239330"}],"version-history":[{"count":1,"href":"https:\/\/rnoticias.com.mx\/Portal\/wp-json\/wp\/v2\/posts\/239330\/revisions"}],"predecessor-version":[{"id":239332,"href":"https:\/\/rnoticias.com.mx\/Portal\/wp-json\/wp\/v2\/posts\/239330\/revisions\/239332"}],"wp:featuredmedia":[{"embeddable":true,"href":"https:\/\/rnoticias.com.mx\/Portal\/wp-json\/wp\/v2\/media\/239331"}],"wp:attachment":[{"href":"https:\/\/rnoticias.com.mx\/Portal\/wp-json\/wp\/v2\/media?parent=239330"}],"wp:term":[{"taxonomy":"category","embeddable":true,"href":"https:\/\/rnoticias.com.mx\/Portal\/wp-json\/wp\/v2\/categories?post=239330"},{"taxonomy":"post_tag","embeddable":true,"href":"https:\/\/rnoticias.com.mx\/Portal\/wp-json\/wp\/v2\/tags?post=239330"}],"curies":[{"name":"wp","href":"https:\/\/api.w.org\/{rel}","templated":true}]}}