{"id":239327,"date":"2025-12-22T14:55:20","date_gmt":"2025-12-22T21:55:20","guid":{"rendered":"https:\/\/rnoticias.com.mx\/Portal\/?p=239327"},"modified":"2025-12-22T14:55:20","modified_gmt":"2025-12-22T21:55:20","slug":"centro-ecologico-de-sonora-una-opcion-para-visitar-en-este-periodo-vacacional","status":"publish","type":"post","link":"https:\/\/rnoticias.com.mx\/Portal\/2025\/12\/22\/centro-ecologico-de-sonora-una-opcion-para-visitar-en-este-periodo-vacacional\/","title":{"rendered":"Centro Ecol\u00f3gico de Sonora, una opci\u00f3n para visitar en este periodo vacacional"},"content":{"rendered":"<p>Hermosillo, Sonora. Durante el periodo vacacional decembrino, el Centro Ecol\u00f3gico del Estado de Sonora estima un aumento de m\u00e1s del 50 por ciento en la afluencia de visitantes, impulsado por nuevas atracciones y mejoras en sus instalaciones.<\/p>\n<p>El director del Centro, Norberto Ortega Torres, se\u00f1al\u00f3 que la llegada reciente de un tigre blanco macho y una hembra ha despertado gran inter\u00e9s entre las familias, convirti\u00e9ndose en uno de los principales atractivos para quienes buscan opciones recreativas durante las vacaciones.<\/p>\n<p>&nbsp;<\/p>\n<p>\u201cEl Centro Ecol\u00f3gico ha registrado expectativas positivas, no solo con p\u00fablico local, sino tambi\u00e9n con visitantes provenientes de otros estados como Chihuahua y Sinaloa, as\u00ed como de Estados Unidos\u201d, coment\u00f3.<\/p>\n<p>Ortega Torres invit\u00f3 a la poblaci\u00f3n a conocer el espacio, destacando que el parque ha tenido cambios importantes que permiten ofrecer una mejor experiencia a los asistentes.<\/p>\n<p>El Centro Ecol\u00f3gico abre de mi\u00e9rcoles a domingo, de 8:00 a 16:00 horas. El costo de acceso es de 75 pesos para adultos y 50 pesos para ni\u00f1as y ni\u00f1os. Para mayores informes, se puede consultar la p\u00e1gina de Facebook \u201cCentro Ecol\u00f3gico de Sonora\u201d o comunicarse al 66 23 41 85 00.<\/p>\n<p>&nbsp;<\/p>\n","protected":false},"excerpt":{"rendered":"<p>Hermosillo, Sonora. Durante el periodo vacacional decembrino, el Centro Ecol\u00f3gico del Estado de Sonora estima un aumento de m\u00e1s del 50 por ciento en la afluencia de visitantes, impulsado por nuevas atracciones y mejoras en sus instalaciones. El director del Centro, Norberto Ortega Torres, se\u00f1al\u00f3 que la llegada reciente de un tigre blanco macho y [&hellip;]<\/p>\n","protected":false},"author":2,"featured_media":239328,"comment_status":"closed","ping_status":"closed","sticky":false,"template":"","format":"standard","meta":{"footnotes":""},"categories":[12870,178],"tags":[12865,12869],"class_list":["post-239327","post","type-post","status-publish","format-standard","has-post-thumbnail","hentry","category-destacadas","category-local","tag-destacadas","tag-local"],"jetpack_featured_media_url":"https:\/\/rnoticias.com.mx\/Portal\/wp-content\/uploads\/2025\/12\/Centro-Ecologico.jpg","amp_enabled":true,"_links":{"self":[{"href":"https:\/\/rnoticias.com.mx\/Portal\/wp-json\/wp\/v2\/posts\/239327","targetHints":{"allow":["GET"]}}],"collection":[{"href":"https:\/\/rnoticias.com.mx\/Portal\/wp-json\/wp\/v2\/posts"}],"about":[{"href":"https:\/\/rnoticias.com.mx\/Portal\/wp-json\/wp\/v2\/types\/post"}],"author":[{"embeddable":true,"href":"https:\/\/rnoticias.com.mx\/Portal\/wp-json\/wp\/v2\/users\/2"}],"replies":[{"embeddable":true,"href":"https:\/\/rnoticias.com.mx\/Portal\/wp-json\/wp\/v2\/comments?post=239327"}],"version-history":[{"count":1,"href":"https:\/\/rnoticias.com.mx\/Portal\/wp-json\/wp\/v2\/posts\/239327\/revisions"}],"predecessor-version":[{"id":239329,"href":"https:\/\/rnoticias.com.mx\/Portal\/wp-json\/wp\/v2\/posts\/239327\/revisions\/239329"}],"wp:featuredmedia":[{"embeddable":true,"href":"https:\/\/rnoticias.com.mx\/Portal\/wp-json\/wp\/v2\/media\/239328"}],"wp:attachment":[{"href":"https:\/\/rnoticias.com.mx\/Portal\/wp-json\/wp\/v2\/media?parent=239327"}],"wp:term":[{"taxonomy":"category","embeddable":true,"href":"https:\/\/rnoticias.com.mx\/Portal\/wp-json\/wp\/v2\/categories?post=239327"},{"taxonomy":"post_tag","embeddable":true,"href":"https:\/\/rnoticias.com.mx\/Portal\/wp-json\/wp\/v2\/tags?post=239327"}],"curies":[{"name":"wp","href":"https:\/\/api.w.org\/{rel}","templated":true}]}}