{"id":239287,"date":"2025-12-22T09:22:34","date_gmt":"2025-12-22T16:22:34","guid":{"rendered":"https:\/\/rnoticias.com.mx\/Portal\/?p=239287"},"modified":"2025-12-22T09:22:34","modified_gmt":"2025-12-22T16:22:34","slug":"angela-aguilar-lanza-fuerte-mensaje-contra-nodal-tras-supuesto-coqueteo-con-su-violinista","status":"publish","type":"post","link":"https:\/\/rnoticias.com.mx\/Portal\/2025\/12\/22\/angela-aguilar-lanza-fuerte-mensaje-contra-nodal-tras-supuesto-coqueteo-con-su-violinista\/","title":{"rendered":"\u00c1ngela Aguilar lanza fuerte mensaje contra Nodal tras supuesto coqueteo con su violinista"},"content":{"rendered":"<p>La relaci\u00f3n entre\u00a0<strong>\u00c1ngela Aguilar<\/strong>\u00a0y\u00a0<strong>Christian Nodal<\/strong>\u00a0volvi\u00f3 a colocarse en el centro de la atenci\u00f3n medi\u00e1tica luego de que la int\u00e9rprete mexicana compartiera un mensaje contundente en redes sociales.<\/p>\n<p>Aguilar acus\u00f3 al cantante de ser un\u00a0<strong>\u201cmaestro manipulador y un mentiroso habitual\u201d<\/strong>, palabras que generaron gran impacto entre sus seguidores y en la prensa de espect\u00e1culos.<\/p>\n<p>El conflicto surgi\u00f3 tras versiones que se\u00f1alaban un supuesto coqueteo de Nodal con el violinista que acompa\u00f1a a Aguilar en sus presentaciones. Aunque no se han confirmado detalles sobre el hecho, la reacci\u00f3n de la artista dej\u00f3 ver un evidente malestar y una ruptura en la confianza dentro de la relaci\u00f3n.<\/p>\n<p>El mensaje de\u00a0<strong>\u00c1ngela Aguilar<\/strong>\u00a0fue interpretado como una respuesta p\u00fablica a las actitudes de Nodal, marcando un nuevo episodio en la historia de ambos. La cantante, reconocida por su estilo franco, decidi\u00f3 no guardar silencio y evidenciar lo que considera una falta de respeto.<\/p>\n<p>Las reacciones en redes sociales fueron inmediatas. Algunos seguidores respaldaron la postura de Aguilar, mientras otros pidieron cautela ante la falta de pruebas sobre el supuesto coqueteo. El tema se convirti\u00f3 r\u00e1pidamente en tendencia, reflejando el inter\u00e9s del p\u00fablico en la vida personal de los artistas.<\/p>\n<p>El se\u00f1alamiento de Aguilar abre interrogantes sobre el futuro de su relaci\u00f3n con Nodal, que ya hab\u00eda enfrentado momentos de tensi\u00f3n en meses anteriores. La exposici\u00f3n p\u00fablica de sus diferencias muestra c\u00f3mo las redes sociales se han convertido en un espacio donde las figuras del espect\u00e1culo ventilan conflictos personales.<\/p>\n<p>El mensaje de \u00c1ngela Aguilar contra Christian Nodal evidencia un nuevo cap\u00edtulo de tensiones y deja abierta la incertidumbre sobre el rumbo de su relaci\u00f3n.<\/p>\n","protected":false},"excerpt":{"rendered":"<p>La relaci\u00f3n entre\u00a0\u00c1ngela Aguilar\u00a0y\u00a0Christian Nodal\u00a0volvi\u00f3 a colocarse en el centro de la atenci\u00f3n medi\u00e1tica luego de que la int\u00e9rprete mexicana compartiera un mensaje contundente en redes sociales. Aguilar acus\u00f3 al cantante de ser un\u00a0\u201cmaestro manipulador y un mentiroso habitual\u201d, palabras que generaron gran impacto entre sus seguidores y en la prensa de espect\u00e1culos. El conflicto [&hellip;]<\/p>\n","protected":false},"author":2,"featured_media":239288,"comment_status":"closed","ping_status":"closed","sticky":false,"template":"","format":"standard","meta":{"footnotes":""},"categories":[12870,219],"tags":[12865,12875],"class_list":["post-239287","post","type-post","status-publish","format-standard","has-post-thumbnail","hentry","category-destacadas","category-espectaculos","tag-destacadas","tag-espectaculos"],"jetpack_featured_media_url":"https:\/\/rnoticias.com.mx\/Portal\/wp-content\/uploads\/2025\/12\/angela-mensajes-violinista-nodal.jpg","amp_enabled":true,"_links":{"self":[{"href":"https:\/\/rnoticias.com.mx\/Portal\/wp-json\/wp\/v2\/posts\/239287","targetHints":{"allow":["GET"]}}],"collection":[{"href":"https:\/\/rnoticias.com.mx\/Portal\/wp-json\/wp\/v2\/posts"}],"about":[{"href":"https:\/\/rnoticias.com.mx\/Portal\/wp-json\/wp\/v2\/types\/post"}],"author":[{"embeddable":true,"href":"https:\/\/rnoticias.com.mx\/Portal\/wp-json\/wp\/v2\/users\/2"}],"replies":[{"embeddable":true,"href":"https:\/\/rnoticias.com.mx\/Portal\/wp-json\/wp\/v2\/comments?post=239287"}],"version-history":[{"count":1,"href":"https:\/\/rnoticias.com.mx\/Portal\/wp-json\/wp\/v2\/posts\/239287\/revisions"}],"predecessor-version":[{"id":239289,"href":"https:\/\/rnoticias.com.mx\/Portal\/wp-json\/wp\/v2\/posts\/239287\/revisions\/239289"}],"wp:featuredmedia":[{"embeddable":true,"href":"https:\/\/rnoticias.com.mx\/Portal\/wp-json\/wp\/v2\/media\/239288"}],"wp:attachment":[{"href":"https:\/\/rnoticias.com.mx\/Portal\/wp-json\/wp\/v2\/media?parent=239287"}],"wp:term":[{"taxonomy":"category","embeddable":true,"href":"https:\/\/rnoticias.com.mx\/Portal\/wp-json\/wp\/v2\/categories?post=239287"},{"taxonomy":"post_tag","embeddable":true,"href":"https:\/\/rnoticias.com.mx\/Portal\/wp-json\/wp\/v2\/tags?post=239287"}],"curies":[{"name":"wp","href":"https:\/\/api.w.org\/{rel}","templated":true}]}}