{"id":239271,"date":"2025-12-22T08:33:11","date_gmt":"2025-12-22T15:33:11","guid":{"rendered":"https:\/\/rnoticias.com.mx\/Portal\/?p=239271"},"modified":"2025-12-22T08:33:11","modified_gmt":"2025-12-22T15:33:11","slug":"china-impondra-aranceles-temporales-a-productos-lacteos-de-la-union-europea","status":"publish","type":"post","link":"https:\/\/rnoticias.com.mx\/Portal\/2025\/12\/22\/china-impondra-aranceles-temporales-a-productos-lacteos-de-la-union-europea\/","title":{"rendered":"China impondr\u00e1 aranceles temporales a productos l\u00e1cteos de la Uni\u00f3n Europea"},"content":{"rendered":"<p><strong>China impondr\u00e1 aranceles provisionales de hasta un 42.7% sobre productos l\u00e1cteos, incluidos leche y queso, importados desde la Uni\u00f3n Europea,<\/strong>\u00a0inform\u00f3 el lunes su Ministerio de Comercio.<\/p>\n<p>Los elevados aranceles, que entran en vigor el martes, se basaron en resultados preliminares de una investigaci\u00f3n iniciada por el Ministerio de Comercio de China en agosto de 2024,\u00a0<strong>en medio de tensiones entre Beijing y Bruselas.\u00a0<\/strong>Beijing revis\u00f3 los subsidios proporcionados por los pa\u00edses de la UE para sus productos l\u00e1cteos y otros productos agr\u00edcolas.<\/p>\n<p><mark><strong>La investigaci\u00f3n de Beijing forma parte de las medidas de represalia despu\u00e9s de que la UE investigase los subsidios chinos a los veh\u00edculos el\u00e9ctricos y posteriormente impuso aranceles de hasta el 45.3% a los veh\u00edculos el\u00e9ctricos fabricados en China.<\/strong><\/mark><\/p>\n<p>China hab\u00eda iniciado otras investigaciones sobre las importaciones de brandy y cerdo europeos como medidas de represalia por los aranceles de la UE a los veh\u00edculos el\u00e9ctricos chinos. Tambi\u00e9n hab\u00eda instado a la UE a eliminar sus aranceles a los veh\u00edculos el\u00e9ctricos.<\/p>\n<p>Los aranceles temporales sobre las importaciones de l\u00e1cteos de la UE<strong>\u00a0<\/strong><mark><strong>oscilar\u00e1n entre el 21.9% y el 42.7%,<\/strong><\/mark>\u00a0seg\u00fan el Ministerio de Comercio, y cubrir\u00e1n una variedad de productos l\u00e1cteos,\u00a0<mark><strong>incluyendo queso fresco y procesado, queso azul, leche y crema con un contenido de grasa superior al 10% en peso.<\/strong><\/mark><\/p>\n<p>El ministerio afirm\u00f3 que los hallazgos preliminares de su investigaci\u00f3n determinaron que los subsidios proporcionados por la UE y los Estados miembros de la UE para sus productos l\u00e1cteos hab\u00edan perjudicado a la industria l\u00e1ctea de China.<\/p>\n<p>La investigaci\u00f3n de Beijing sobre los productos l\u00e1cteos de la UE abarc\u00f3 los subsidios otorgados bajo la Pol\u00edtica Agr\u00edcola Com\u00fan de la UE y los subsidios ofrecidos a los agricultores por pa\u00edses de la UE, incluyendo Italia, Irlanda y Finlandia, seg\u00fan inform\u00f3 el Ministerio de Comercio en agosto de 2024.<\/p>\n<p><strong>La relaci\u00f3n de China con la UE es conflictiva, con el super\u00e1vit comercial chino con la UE recientemente en el centro de atenci\u00f3n.<\/strong>\u00a0La UE tiene un d\u00e9ficit comercial significativo con China, de m\u00e1s de 300 mil millones de euros (352 mil millones de d\u00f3lares) el a\u00f1o pasado.<\/p>\n<p><mark><strong>Beijing anunci\u00f3 la semana pasada que impondr\u00eda aranceles de hasta el 19.8% a las importaciones de carne de cerdo de la UE, significativamente m\u00e1s bajos que los aranceles preliminares de hasta el 62.4 por ciento.\u00a0<\/strong><\/mark>Adem\u00e1s, el gigante asi\u00e1tico acus\u00f3 a la UE de dumping en la carne de cerdo y subproductos porcinos en el pa\u00eds, vendi\u00e9ndolos a precios bajos que a su vez perjudicaron a su industria porcina nacional.<\/p>\n<p>En julio,<strong>\u00a0Beijing tambi\u00e9n anunci\u00f3 aranceles de hasta el 34.9% sobre el brandy importado de la UE, incluyendo el co\u00f1ac de Francia,\u00a0<\/strong>aunque varias marcas importantes de brandy hab\u00edan recibido exenciones.<\/p>\n","protected":false},"excerpt":{"rendered":"<p>China impondr\u00e1 aranceles provisionales de hasta un 42.7% sobre productos l\u00e1cteos, incluidos leche y queso, importados desde la Uni\u00f3n Europea,\u00a0inform\u00f3 el lunes su Ministerio de Comercio. Los elevados aranceles, que entran en vigor el martes, se basaron en resultados preliminares de una investigaci\u00f3n iniciada por el Ministerio de Comercio de China en agosto de 2024,\u00a0en [&hellip;]<\/p>\n","protected":false},"author":2,"featured_media":239272,"comment_status":"closed","ping_status":"closed","sticky":false,"template":"","format":"standard","meta":{"footnotes":""},"categories":[12870,182],"tags":[12865,12871],"class_list":["post-239271","post","type-post","status-publish","format-standard","has-post-thumbnail","hentry","category-destacadas","category-internacional","tag-destacadas","tag-internacional"],"jetpack_featured_media_url":"https:\/\/rnoticias.com.mx\/Portal\/wp-content\/uploads\/2025\/12\/154704157915292-1.webp","amp_enabled":true,"_links":{"self":[{"href":"https:\/\/rnoticias.com.mx\/Portal\/wp-json\/wp\/v2\/posts\/239271","targetHints":{"allow":["GET"]}}],"collection":[{"href":"https:\/\/rnoticias.com.mx\/Portal\/wp-json\/wp\/v2\/posts"}],"about":[{"href":"https:\/\/rnoticias.com.mx\/Portal\/wp-json\/wp\/v2\/types\/post"}],"author":[{"embeddable":true,"href":"https:\/\/rnoticias.com.mx\/Portal\/wp-json\/wp\/v2\/users\/2"}],"replies":[{"embeddable":true,"href":"https:\/\/rnoticias.com.mx\/Portal\/wp-json\/wp\/v2\/comments?post=239271"}],"version-history":[{"count":1,"href":"https:\/\/rnoticias.com.mx\/Portal\/wp-json\/wp\/v2\/posts\/239271\/revisions"}],"predecessor-version":[{"id":239273,"href":"https:\/\/rnoticias.com.mx\/Portal\/wp-json\/wp\/v2\/posts\/239271\/revisions\/239273"}],"wp:featuredmedia":[{"embeddable":true,"href":"https:\/\/rnoticias.com.mx\/Portal\/wp-json\/wp\/v2\/media\/239272"}],"wp:attachment":[{"href":"https:\/\/rnoticias.com.mx\/Portal\/wp-json\/wp\/v2\/media?parent=239271"}],"wp:term":[{"taxonomy":"category","embeddable":true,"href":"https:\/\/rnoticias.com.mx\/Portal\/wp-json\/wp\/v2\/categories?post=239271"},{"taxonomy":"post_tag","embeddable":true,"href":"https:\/\/rnoticias.com.mx\/Portal\/wp-json\/wp\/v2\/tags?post=239271"}],"curies":[{"name":"wp","href":"https:\/\/api.w.org\/{rel}","templated":true}]}}