{"id":239268,"date":"2025-12-22T08:28:52","date_gmt":"2025-12-22T15:28:52","guid":{"rendered":"https:\/\/rnoticias.com.mx\/Portal\/?p=239268"},"modified":"2025-12-22T08:28:52","modified_gmt":"2025-12-22T15:28:52","slug":"acusan-a-secretaria-de-las-mujeres-de-llamar-a-boicotear-empresa-de-salinas-pliego","status":"publish","type":"post","link":"https:\/\/rnoticias.com.mx\/Portal\/2025\/12\/22\/acusan-a-secretaria-de-las-mujeres-de-llamar-a-boicotear-empresa-de-salinas-pliego\/","title":{"rendered":"Acusan a secretaria de las Mujeres de llamar a boicotear empresa de Salinas Pliego"},"content":{"rendered":"<p>La titular de la\u00a0<strong>Secretar\u00eda de las Mujeres<\/strong>, Citlalli Hern\u00e1ndez, fue se\u00f1alada de promover un\u00a0<strong>boicot<\/strong>\u00a0a una empresa de telecomunicaciones que pertenece al empresario\u00a0<strong>Ricardo Salinas Pliego<\/strong>.<\/p>\n<p>Durante el conversatorio &#8220;Hay futuro y es de izquierda&#8221;, en el Congreso de la\u00a0<strong>Ciudad de M\u00e9xico<\/strong>, Hern\u00e1ndez explicaba sobre el activismo que realizan los j\u00f3venes ante las injusticias como la guerra en Palestina.<\/p>\n<p>Fue en ese momento que plante\u00f3, a manera de ejemplo, un boicot contra\u00a0<strong>Totalplay<\/strong>, que iniciar\u00eda por los propios gobiernos de\u00a0<strong>Morena<\/strong>, y as\u00ed no tener contratos con dicha empresa.<\/p>\n<p>Sin embargo, usuarios en redes sociales lanzaron cr\u00edticas contra Hern\u00e1ndez Mora. Entre ellos, la periodista\u00a0<strong>Laura Brug\u00e9s<\/strong>\u00a0se\u00f1al\u00f3 a la secretaria de llamar a \u201cboicots ideol\u00f3gicos usando los recursos p\u00fablicos de un congreso, para presionar a un actor privado por razones pol\u00edticas\u201d.<\/p>\n<p>En respuesta, Citlalli Hern\u00e1ndez neg\u00f3 haber hecho dicho llamado, argumentando que no habl\u00f3 desde su investidura como funcionaria sino que fue invitada a dialogar sobre las diversas formas de activismo y militancia frente a las injusticias.<\/p>\n<p>&nbsp;<\/p>\n<p>Fuente: el universal<\/p>\n","protected":false},"excerpt":{"rendered":"<p>La titular de la\u00a0Secretar\u00eda de las Mujeres, Citlalli Hern\u00e1ndez, fue se\u00f1alada de promover un\u00a0boicot\u00a0a una empresa de telecomunicaciones que pertenece al empresario\u00a0Ricardo Salinas Pliego. Durante el conversatorio &#8220;Hay futuro y es de izquierda&#8221;, en el Congreso de la\u00a0Ciudad de M\u00e9xico, Hern\u00e1ndez explicaba sobre el activismo que realizan los j\u00f3venes ante las injusticias como la guerra [&hellip;]<\/p>\n","protected":false},"author":2,"featured_media":239269,"comment_status":"closed","ping_status":"closed","sticky":false,"template":"","format":"standard","meta":{"footnotes":""},"categories":[12870,172],"tags":[12865,12874],"class_list":["post-239268","post","type-post","status-publish","format-standard","has-post-thumbnail","hentry","category-destacadas","category-nacional","tag-destacadas","tag-nacional"],"jetpack_featured_media_url":"https:\/\/rnoticias.com.mx\/Portal\/wp-content\/uploads\/2025\/12\/th.jpg","amp_enabled":true,"_links":{"self":[{"href":"https:\/\/rnoticias.com.mx\/Portal\/wp-json\/wp\/v2\/posts\/239268","targetHints":{"allow":["GET"]}}],"collection":[{"href":"https:\/\/rnoticias.com.mx\/Portal\/wp-json\/wp\/v2\/posts"}],"about":[{"href":"https:\/\/rnoticias.com.mx\/Portal\/wp-json\/wp\/v2\/types\/post"}],"author":[{"embeddable":true,"href":"https:\/\/rnoticias.com.mx\/Portal\/wp-json\/wp\/v2\/users\/2"}],"replies":[{"embeddable":true,"href":"https:\/\/rnoticias.com.mx\/Portal\/wp-json\/wp\/v2\/comments?post=239268"}],"version-history":[{"count":1,"href":"https:\/\/rnoticias.com.mx\/Portal\/wp-json\/wp\/v2\/posts\/239268\/revisions"}],"predecessor-version":[{"id":239270,"href":"https:\/\/rnoticias.com.mx\/Portal\/wp-json\/wp\/v2\/posts\/239268\/revisions\/239270"}],"wp:featuredmedia":[{"embeddable":true,"href":"https:\/\/rnoticias.com.mx\/Portal\/wp-json\/wp\/v2\/media\/239269"}],"wp:attachment":[{"href":"https:\/\/rnoticias.com.mx\/Portal\/wp-json\/wp\/v2\/media?parent=239268"}],"wp:term":[{"taxonomy":"category","embeddable":true,"href":"https:\/\/rnoticias.com.mx\/Portal\/wp-json\/wp\/v2\/categories?post=239268"},{"taxonomy":"post_tag","embeddable":true,"href":"https:\/\/rnoticias.com.mx\/Portal\/wp-json\/wp\/v2\/tags?post=239268"}],"curies":[{"name":"wp","href":"https:\/\/api.w.org\/{rel}","templated":true}]}}