{"id":239083,"date":"2025-12-19T12:30:53","date_gmt":"2025-12-19T19:30:53","guid":{"rendered":"https:\/\/rnoticias.com.mx\/Portal\/?p=239083"},"modified":"2025-12-19T12:30:53","modified_gmt":"2025-12-19T19:30:53","slug":"aprueba-ine-la-estrategia-para-la-prevencion-y-atencion-de-la-violencia-politica-contra-las-mujeres-en-razon-de-genero","status":"publish","type":"post","link":"https:\/\/rnoticias.com.mx\/Portal\/2025\/12\/19\/aprueba-ine-la-estrategia-para-la-prevencion-y-atencion-de-la-violencia-politica-contra-las-mujeres-en-razon-de-genero\/","title":{"rendered":"Aprueba INE la Estrategia para la Prevenci\u00f3n y Atenci\u00f3n de la Violencia Pol\u00edtica contra las Mujeres en Raz\u00f3n de G\u00e9nero"},"content":{"rendered":"<p class=\"x_MsoNormal\"><span data-olk-copy-source=\"MessageBody\">El Consejo General del Instituto Nacional Electoral (INE) aprob\u00f3 la Estrategia para la Prevenci\u00f3n y Atenci\u00f3n de la Violencia Pol\u00edtica contra las Mujeres en Raz\u00f3n de G\u00e9nero, para el periodo de 2026-2031.<\/span><\/p>\n<p class=\"x_MsoNormal\">\n<p class=\"x_MsoNormal\">La Estrategia est\u00e1 integrada por tres objetivos estrat\u00e9gicos: prevenir desde las causas, condiciones y din\u00e1micas que generan la violencia; atender de manera integral a las v\u00edctimas directas e indirectas con est\u00e1ndares internacionales de protecci\u00f3n y justicia, adem\u00e1s de institucionalizar los modelos y mecanismos de seguimiento para garantizar rendici\u00f3n de cuentas y gobernanza con perspectiva de g\u00e9nero.<\/p>\n<p class=\"x_MsoNormal\">\n<p class=\"x_MsoNormal\">Con lo anterior, se reafirma el compromiso del INE para asegurar que las mujeres ejerzan plenamente sus derechos pol\u00edticos y electorales en un contexto libre de violencia.<\/p>\n<p class=\"x_MsoNormal\">\n<p class=\"x_MsoNormal\">La Consejera Rita Bell L\u00f3pez Vences, presidenta de la Comisi\u00f3n de Igualdad de G\u00e9nero y No Discriminaci\u00f3n subray\u00f3 que la Estrategia constituye un compromiso hist\u00f3rico para transformar las estructuras que han limitado la participaci\u00f3n plena de las mujeres en la vida p\u00fablica.<\/p>\n<p class=\"x_MsoNormal\">\n<p class=\"x_MsoNormal\">Convoc\u00f3 a las unidades del Instituto y a los actores pol\u00edticos a sumar esfuerzos para traducir la Estrategia en acciones concretas y efectivas. \u201cLa igualdad nos beneficia a todas y todos, depende de que hoy asumamos la responsabilidad de garantizar a las mujeres un presente y un ma\u00f1ana libres de violencia\u201d, estableci\u00f3.<\/p>\n<p class=\"x_MsoNormal\">\n<p class=\"x_MsoNormal\">La Estrategia representa un parteaguas en el modelo de atenci\u00f3n a la Violencia Pol\u00edtica contra las Mujeres en M\u00e9xico, pues no s\u00f3lo considera m\u00e1s de 100 l\u00edneas de acci\u00f3n, sino que establece un esquema de implementaci\u00f3n a corto, mediano y largo plazo que permita transitar hacia un modelo integral de prevenci\u00f3n y atenci\u00f3n a este fen\u00f3meno.<\/p>\n<p class=\"x_MsoNormal\">\n<p class=\"x_MsoNormal\"><b><i>Aprueban el Reglamento en Materia de Transparencia, Acceso a la Informaci\u00f3n y Protecci\u00f3n de Datos Personales<\/i><\/b><\/p>\n<p class=\"x_MsoNormal\"><b><i>\u00a0<\/i><\/b><\/p>\n<p class=\"x_MsoNormal\">En otro punto de la sesi\u00f3n, consejeras y consejeros aprobaron, el Reglamento del INE como Autoridad Garante en Materia de Transparencia, Acceso a la Informaci\u00f3n y Protecci\u00f3n de Datos Personales, el cual aborda, da coherencia y articula al Consejo General y a la Comisi\u00f3n de Transparencia en funciones de autoridad garante.<\/p>\n<p class=\"x_MsoNormal\">\n<p class=\"x_MsoNormal\">Se prev\u00e9 que el Consejo General conozca y resuelva aquellos asuntos en que sea necesario establecer un criterio interpretativo. Se establece que la Comisi\u00f3n de Transparencia podr\u00e1 delegar a la Unidad T\u00e9cnica de lo Contencioso Electoral las atribuciones de desechar los recursos de revisi\u00f3n y dictar medidas de apremio de conformidad con los criterios que establezca la propia Comisi\u00f3n.<\/p>\n<p class=\"x_MsoNormal\">\n<p class=\"x_MsoNormal\">El Reglamento permitir\u00e1 al INE cumplir con la atribuci\u00f3n de garantizar que los partidos pol\u00edticos nacionales, las agrupaciones pol\u00edticas y las asociaciones civiles, que se constituyan cuando una persona aspire a una candidatura independiente, cumplan con sus obligaciones de transparencia y resguarden adecuadamente los datos personales.<\/p>\n<p class=\"x_MsoNormal\">\n<p class=\"x_MsoNormal\"><b><i>Se suspenden plazos en materia de transparencia<\/i><\/b><\/p>\n<p class=\"x_MsoNormal\"><b><i>\u00a0<\/i><\/b><\/p>\n<p class=\"x_MsoNormal\">En otro asunto, el pleno aprob\u00f3 declarar como d\u00edas inh\u00e1biles los comprendido del 22 de diciembre de 2025 al 6 de enero de 2026, incluyendo s\u00e1bados y domingos, para efectos del c\u00f3mputo de plazos y t\u00e9rminos en todos los tr\u00e1mites, procedimientos y medios de impugnaci\u00f3n a cargo del INE en su car\u00e1cter de autoridad garante en Materia de Transparencia, Acceso a la informaci\u00f3n p\u00fablica y Protecci\u00f3n de Datos Personales.<\/p>\n<p class=\"x_MsoNormal\">\n<p class=\"x_MsoNormal\">Esta declaratoria busca armonizar las actuaciones de la autoridad garante con la operaci\u00f3n administrativa del Instituto. Por ello, el acuerdo implica la suspensi\u00f3n del c\u00f3mputo de plazos durante el periodo de vacaciones institucionales.<\/p>\n<p class=\"x_MsoNormal\">\n<p class=\"x_MsoNormal\"><b><i>Aprueban proyectos y dan por recibidos informes en materia de fiscalizaci\u00f3n<\/i><\/b><\/p>\n<p class=\"x_MsoNormal\"><b><i>\u00a0<\/i><\/b><\/p>\n<p class=\"x_MsoNormal\">Al continuar con el desarrollo de la sesi\u00f3n, el m\u00e1ximo \u00f3rgano de direcci\u00f3n del INE analiz\u00f3 y aprob\u00f3 17 Proyectos respecto a procedimientos administrativos sancionadores y de queja en materia de fiscalizaci\u00f3n instaurados en contra de diversos partidos pol\u00edticos nacionales.<\/p>\n<p class=\"x_MsoNormal\">\n<p class=\"x_MsoNormal\">De \u00e9stos, 13 fueron considerados fundados por lo que se impusieron sanciones que en conjunto suman 86.5 millones de pesos. Las infracciones m\u00e1s frecuentes de los partidos pol\u00edticos fueron: ingresos y egresos no reportados, la falta de registro de cuentas bancarias, la omisi\u00f3n en la presentaci\u00f3n de las facturas correspondientes, el no presentar los comprobantes fiscales, gastos sin objeto partidista, aportaciones prohibidas y errores contables, entre otras.<\/p>\n<p class=\"x_MsoNormal\">\n<p class=\"x_MsoNormal\">De igual manera, aprobaron\u00a0<i>los plazos de fiscalizaci\u00f3n de los informes anuales de ingresos y gastos correspondientes al ejercicio 2025 de los partidos pol\u00edticos nacionales y locales<\/i>, as\u00ed como de agrupaciones pol\u00edticas nacionales.<\/p>\n<p class=\"x_MsoNormal\">Al desahogar otro punto de la sesi\u00f3n, el Consejo General aprob\u00f3 el Programa Anual de Trabajo 2025 del \u00d3rgano Interno de Control, el cual prev\u00e9 14 l\u00edneas de acci\u00f3n orientadas a resultados y fortalecimiento del control interno.<\/p>\n<p class=\"x_MsoNormal\">\n<p class=\"x_MsoNormal\">El pleno dio por recibido los siguientes informes:<i>\u00a0<\/i>el que presenta la Comisi\u00f3n de Fiscalizaci\u00f3n respecto del estado jur\u00eddico que guardan los Procedimientos Administrativos Sancionadores en materia de fiscalizaci\u00f3n que se encuentran en tr\u00e1mite, las sanciones impuestas durante 2016 a 2025<i>\u00a0y\u00a0<\/i>las solicitudes de informaci\u00f3n y su atenci\u00f3n por diversas autoridades; el\u00a0<i>Informe sobre la funcionalidad de las pautas de valoraci\u00f3n y recomendaciones para favorecer el acceso de personas en situaci\u00f3n de discriminaci\u00f3n a los cargos de Consejeros y Consejeras Electorales de los Consejos Locales y Distritales del INE\u00a0<\/i>y, el final, de actividades de la Presidencia de la Comisi\u00f3n de Organizaci\u00f3n Electoral de 2025.<\/p>\n<p class=\"x_MsoNormal\">\n<p class=\"x_MsoNormal\">Asimismo, el Informe que presenta la Secretar\u00eda del Consejo General en cumplimiento al art\u00edculo 36 del Reglamento de Quejas y Denuncias del Instituto Nacional Electoral; el Informe trimestral de avances del Voto de las Mexicanas y los Mexicanos Residentes en el Extranjero, periodo del 1 de septiembre al 30 de noviembre de 2025 y, el Informe que en cumplimiento al Principio de Definitividad presenta la Secretar\u00eda Ejecutiva al Consejo General de las actividades realizadas y concluidas en el Proceso Electoral Local Extraordinario del Municipio de Pantelh\u00f3 del Estado de Chiapas.<\/p>\n<p class=\"x_MsoNormal\">\n<p class=\"x_MsoNormal\"><b><i>Reconocen a personal del INE<\/i><\/b><\/p>\n<p class=\"x_MsoNormal\"><b><i>\u00a0<\/i><\/b><\/p>\n<p class=\"x_MsoNormal\">Finalmente, consejeras, consejeros y representantes de partidos pol\u00edticos hicieron un reconocimiento y agradecieron el trabajo y la entrega de las y los servidores p\u00fablicos electorales que optaron por el retiro voluntario.<\/p>\n<p class=\"x_MsoNormal\">\u201cEste programa es muy noble para el personal del Instituto Nacional Electoral y constituye un reconocimiento en s\u00ed mismo al desempe\u00f1o que ellos han realizado. Va mi reconocimiento a los a\u00f1os de servicio entregados a esta instituci\u00f3n\u201d, se\u00f1al\u00f3 la Consejera Presidenta Guadalupe Taddei Zavala.<\/p>\n<p class=\"x_MsoNormal\">\n<p class=\"x_MsoNormal\">En la \u00faltima sesi\u00f3n de este a\u00f1o del Consejo General, la Presidenta del INE aprovech\u00f3 para enviar un mensaje a los representantes de los partidos pol\u00edticos, del Poder Legislativo, a todo el personal del Instituto y a los representantes de los medios de comunicaci\u00f3n que cubren las actividades del Instituto \u201cque en la Navidad, el A\u00f1o Nuevo y el 2026 venga cargado de m\u00e1s profesionalismo y m\u00e1s capacidad en todos y cada uno de nosotros\u201d, agreg\u00f3.<\/p>\n","protected":false},"excerpt":{"rendered":"<p>El Consejo General del Instituto Nacional Electoral (INE) aprob\u00f3 la Estrategia para la Prevenci\u00f3n y Atenci\u00f3n de la Violencia Pol\u00edtica contra las Mujeres en Raz\u00f3n de G\u00e9nero, para el periodo de 2026-2031. La Estrategia est\u00e1 integrada por tres objetivos estrat\u00e9gicos: prevenir desde las causas, condiciones y din\u00e1micas que generan la violencia; atender de manera integral [&hellip;]<\/p>\n","protected":false},"author":2,"featured_media":239084,"comment_status":"closed","ping_status":"closed","sticky":false,"template":"","format":"standard","meta":{"footnotes":""},"categories":[12870,12868],"tags":[12865,12879],"class_list":["post-239083","post","type-post","status-publish","format-standard","has-post-thumbnail","hentry","category-destacadas","category-politica","tag-destacadas","tag-politica"],"jetpack_featured_media_url":"https:\/\/rnoticias.com.mx\/Portal\/wp-content\/uploads\/2025\/12\/WhatsApp-Image-2025-12-18-at-6.33.22-PM.jpeg","amp_enabled":true,"_links":{"self":[{"href":"https:\/\/rnoticias.com.mx\/Portal\/wp-json\/wp\/v2\/posts\/239083","targetHints":{"allow":["GET"]}}],"collection":[{"href":"https:\/\/rnoticias.com.mx\/Portal\/wp-json\/wp\/v2\/posts"}],"about":[{"href":"https:\/\/rnoticias.com.mx\/Portal\/wp-json\/wp\/v2\/types\/post"}],"author":[{"embeddable":true,"href":"https:\/\/rnoticias.com.mx\/Portal\/wp-json\/wp\/v2\/users\/2"}],"replies":[{"embeddable":true,"href":"https:\/\/rnoticias.com.mx\/Portal\/wp-json\/wp\/v2\/comments?post=239083"}],"version-history":[{"count":1,"href":"https:\/\/rnoticias.com.mx\/Portal\/wp-json\/wp\/v2\/posts\/239083\/revisions"}],"predecessor-version":[{"id":239085,"href":"https:\/\/rnoticias.com.mx\/Portal\/wp-json\/wp\/v2\/posts\/239083\/revisions\/239085"}],"wp:featuredmedia":[{"embeddable":true,"href":"https:\/\/rnoticias.com.mx\/Portal\/wp-json\/wp\/v2\/media\/239084"}],"wp:attachment":[{"href":"https:\/\/rnoticias.com.mx\/Portal\/wp-json\/wp\/v2\/media?parent=239083"}],"wp:term":[{"taxonomy":"category","embeddable":true,"href":"https:\/\/rnoticias.com.mx\/Portal\/wp-json\/wp\/v2\/categories?post=239083"},{"taxonomy":"post_tag","embeddable":true,"href":"https:\/\/rnoticias.com.mx\/Portal\/wp-json\/wp\/v2\/tags?post=239083"}],"curies":[{"name":"wp","href":"https:\/\/api.w.org\/{rel}","templated":true}]}}