{"id":239077,"date":"2025-12-19T12:26:43","date_gmt":"2025-12-19T19:26:43","guid":{"rendered":"https:\/\/rnoticias.com.mx\/Portal\/?p=239077"},"modified":"2025-12-19T12:26:43","modified_gmt":"2025-12-19T19:26:43","slug":"julio-y-agosto-seran-los-meses-base-para-la-seleccion-de-funcionarias-y-funcionarios-de-mesas-directivas-de-casilla-en-la-eleccion-de-coahuila","status":"publish","type":"post","link":"https:\/\/rnoticias.com.mx\/Portal\/2025\/12\/19\/julio-y-agosto-seran-los-meses-base-para-la-seleccion-de-funcionarias-y-funcionarios-de-mesas-directivas-de-casilla-en-la-eleccion-de-coahuila\/","title":{"rendered":"Julio y agosto ser\u00e1n los meses base para la selecci\u00f3n de funcionarias y funcionarios de Mesas Directivas de Casilla en la elecci\u00f3n de Coahuila"},"content":{"rendered":"<p class=\"x_MsoNormal\"><span data-olk-copy-source=\"MessageBody\">El Consejo General del Instituto Nacional Electoral (INE) llev\u00f3 a cabo el sorteo del mes calendario que ser\u00e1 tomado como base para seleccionar a las y los ciudadanos que ser\u00e1n convocados para integrar las Mesas Directivas de Casilla en el Proceso Electoral Local 2025-2026 en el estado de Coahuila de Zaragoza.<\/span><\/p>\n<p class=\"x_MsoNormal\">\n<p class=\"x_MsoNormal\">En sesi\u00f3n ordinaria se realiz\u00f3 el sorteo en el que julio fue el mes seleccionado, por lo que junto con agosto, ser\u00e1n tomados como base para insacular a las y los ciudadanos que participar\u00e1n como funcionarias y funcionarios en la Jornada Electoral a celebrarse el pr\u00f3ximo 7 de junio.<\/p>\n<p class=\"x_MsoNormal\">\n<p class=\"x_MsoNormal\">Por otra parte, con el fin de maximizar el derecho al voto de la ciudadan\u00eda, el pleno\u00a0aval\u00f3 extender la vigencia de las Credenciales para Votar -que vencen el 31 de diciembre de 2025-, hasta el 7 de junio de 2026, d\u00eda de la Jornada del Proceso Electoral Local 2025-2026 en el estado de Coahuila de Zaragoza.<\/p>\n<p class=\"x_MsoNormal\">\n<p class=\"x_MsoNormal\">En Coahuila existen 94 mil 705 Credenciales para Votar que perder\u00e1n vigencia al finalizar este a\u00f1o, por lo que con la aprobaci\u00f3n de este acuerdo se garantiza que esas ciudadanas y ciudadanos puedan ejercer su derecho al voto.<\/p>\n<p class=\"x_MsoNormal\"><b><i>\u00a0<\/i><\/b><\/p>\n<p class=\"x_MsoNormal\"><b><i>Se avanza en el Voto Anticipado y el Voto en Prisi\u00f3n Preventiva<\/i><\/b><\/p>\n<p class=\"x_MsoNormal\"><b><i>\u00a0<\/i><\/b><\/p>\n<p class=\"x_MsoNormal\">En seguida, el pleno aprob\u00f3 los\u00a0<i>Lineamientos para la conformaci\u00f3n de la Lista Nominal de Electores con Voto Anticipado en el Proceso Electoral Local 2025-2026 de Coahuila de Zaragoza y elecciones extraordinarias que de \u00e9ste deriven<\/i>.<\/p>\n<p class=\"x_MsoNormal\">\n<p class=\"x_MsoNormal\">Con estos Lineamientos \u201cse fortalece la certeza en cada etapa, desde la recepci\u00f3n de solicitudes, la verificaci\u00f3n de registros, la integraci\u00f3n del listado para revisi\u00f3n y la definitiva, hasta la generaci\u00f3n de la lista para el escrutinio y c\u00f3mputo. Se refuerzan las obligaciones de protecci\u00f3n de datos personales, se actualizan los formatos y se incorpora a un plan de trabajo detallado que permitir\u00e1 a las juntas local y distritales ejecutar el proceso con oportunidad y transparencia\u201d, sostuvo la Consejera y presidenta de la Comisi\u00f3n del Registro Federal de Electores, Carla Humphrey Jordan.<\/p>\n<p class=\"x_MsoNormal\">\n<p class=\"x_MsoNormal\">En su intervenci\u00f3n, enfatiz\u00f3 que el Consejo General reafirma su compromiso con una democracia que no excluye, que no deja a nadie atr\u00e1s y que reconoce que el ejercicio del voto debe adaptarse a las personas y no al rev\u00e9s.<\/p>\n<p class=\"x_MsoNormal\">\n<p class=\"x_MsoNormal\">Posteriormente, consejeras y consejeros avalaron los Lineamientos para la conformaci\u00f3n de la Lista Nominal de Electores en Prisi\u00f3n Preventiva en el Proceso Electoral Local 2025-2026 de Coahuila de Zaragoza y elecciones extraordinarias que de \u00e9ste deriven.<\/p>\n<p class=\"x_MsoNormal\">\n<p class=\"x_MsoNormal\">Ello, con el objetivo de garantizar que las personas en prisi\u00f3n preventiva ejerzan su derecho al voto de manera anticipada, mediante procedimientos claros para su inscripci\u00f3n, verificaci\u00f3n y actualizaci\u00f3n registral, as\u00ed como para la elaboraci\u00f3n, revisi\u00f3n y uso de los listados nominales aplicables, bajo los principios de certeza, legalidad, imparcialidad, objetividad y m\u00e1xima publicidad.<\/p>\n<p class=\"x_MsoNormal\">\n<p class=\"x_MsoNormal\">La Consejera Humphrey subray\u00f3 que a octubre de 2025, en los centros penitenciarios en Coahuila se encontraban tres mil 342 personas privadas de la libertad. \u201cEste grupo representa un sector que por mandato constitucional y convencional debe ser incluido en nuestros procesos democr\u00e1ticos\u201d.<\/p>\n<p class=\"x_MsoNormal\">\n<p class=\"x_MsoNormal\">Con estos Lineamientos, agreg\u00f3, se asegura que las personas privadas de la libertad, en prisi\u00f3n preventiva, conserven sus derechos pol\u00edtico-electorales y puedan ejercer su derecho al sufragio en condiciones de certeza, de legalidad y de inclusi\u00f3n.<\/p>\n<p class=\"x_MsoNormal\">\n<p class=\"x_MsoNormal\">Al continuar con el desarrollo de la sesi\u00f3n, la autoridad electoral dio cumplimiento a la sentencia de la Sala Regional Ciudad de M\u00e9xico del Tribunal Electoral del Poder Judicial de la Federaci\u00f3n, reca\u00edda al recurso de apelaci\u00f3n identificado con el n\u00famero SCM-RAP-18\/2025.<\/p>\n<p class=\"x_MsoNormal\">\n<p class=\"x_MsoNormal\">Finalmente, dio por recibido el informe de seguimiento al Plan Integral y Calendario de Coordinaci\u00f3n para el Proceso Electoral Local 2025-2026 en el estado de Coahuila, en el cual se renovar\u00e1n 16 diputaciones de Mayor\u00eda Relativa y nueve de Representaci\u00f3n Proporcional. El documento se\u00f1ala 324 actividades, distribuidas en 28 subprocesos.<\/p>\n","protected":false},"excerpt":{"rendered":"<p>El Consejo General del Instituto Nacional Electoral (INE) llev\u00f3 a cabo el sorteo del mes calendario que ser\u00e1 tomado como base para seleccionar a las y los ciudadanos que ser\u00e1n convocados para integrar las Mesas Directivas de Casilla en el Proceso Electoral Local 2025-2026 en el estado de Coahuila de Zaragoza. En sesi\u00f3n ordinaria se [&hellip;]<\/p>\n","protected":false},"author":2,"featured_media":239078,"comment_status":"closed","ping_status":"closed","sticky":false,"template":"","format":"standard","meta":{"footnotes":""},"categories":[12870,12868],"tags":[12865,12879],"class_list":["post-239077","post","type-post","status-publish","format-standard","has-post-thumbnail","hentry","category-destacadas","category-politica","tag-destacadas","tag-politica"],"jetpack_featured_media_url":"https:\/\/rnoticias.com.mx\/Portal\/wp-content\/uploads\/2025\/12\/WhatsApp-Image-2025-12-18-at-2.51.02-PM-1.jpeg","amp_enabled":true,"_links":{"self":[{"href":"https:\/\/rnoticias.com.mx\/Portal\/wp-json\/wp\/v2\/posts\/239077","targetHints":{"allow":["GET"]}}],"collection":[{"href":"https:\/\/rnoticias.com.mx\/Portal\/wp-json\/wp\/v2\/posts"}],"about":[{"href":"https:\/\/rnoticias.com.mx\/Portal\/wp-json\/wp\/v2\/types\/post"}],"author":[{"embeddable":true,"href":"https:\/\/rnoticias.com.mx\/Portal\/wp-json\/wp\/v2\/users\/2"}],"replies":[{"embeddable":true,"href":"https:\/\/rnoticias.com.mx\/Portal\/wp-json\/wp\/v2\/comments?post=239077"}],"version-history":[{"count":1,"href":"https:\/\/rnoticias.com.mx\/Portal\/wp-json\/wp\/v2\/posts\/239077\/revisions"}],"predecessor-version":[{"id":239079,"href":"https:\/\/rnoticias.com.mx\/Portal\/wp-json\/wp\/v2\/posts\/239077\/revisions\/239079"}],"wp:featuredmedia":[{"embeddable":true,"href":"https:\/\/rnoticias.com.mx\/Portal\/wp-json\/wp\/v2\/media\/239078"}],"wp:attachment":[{"href":"https:\/\/rnoticias.com.mx\/Portal\/wp-json\/wp\/v2\/media?parent=239077"}],"wp:term":[{"taxonomy":"category","embeddable":true,"href":"https:\/\/rnoticias.com.mx\/Portal\/wp-json\/wp\/v2\/categories?post=239077"},{"taxonomy":"post_tag","embeddable":true,"href":"https:\/\/rnoticias.com.mx\/Portal\/wp-json\/wp\/v2\/tags?post=239077"}],"curies":[{"name":"wp","href":"https:\/\/api.w.org\/{rel}","templated":true}]}}