{"id":239074,"date":"2025-12-19T12:04:21","date_gmt":"2025-12-19T19:04:21","guid":{"rendered":"https:\/\/rnoticias.com.mx\/Portal\/?p=239074"},"modified":"2025-12-19T12:04:21","modified_gmt":"2025-12-19T19:04:21","slug":"proteccion-civil-autoriza-la-reapertura-de-algunos-waldos-en-sonora","status":"publish","type":"post","link":"https:\/\/rnoticias.com.mx\/Portal\/2025\/12\/19\/proteccion-civil-autoriza-la-reapertura-de-algunos-waldos-en-sonora\/","title":{"rendered":"Protecci\u00f3n Civil autoriza la reapertura de algunos Waldos en Sonora"},"content":{"rendered":"<p>Derivado de las inspecciones de seguridad intensificadas en todas las<strong>\u00a0tiendas\u00a0Waldo\u2019s en Sonora<\/strong>\u00a0tras el incidente ocurrido en una sucursal de Hermosillo el pasado 1 de noviembre, donde 24 personas perdieron la vida,\u00a0la\u00a0Coordinaci\u00f3n Estatal de\u00a0<strong>Protecci\u00f3n Civil confirm\u00f3 que ha autorizado su reapertura en dos municipios<\/strong>.<\/p>\n<p>A ra\u00edz del incendio, presuntamente provocado por un\u00a0<strong>malfuncionamiento de un transformado<\/strong>r dentro del local ubicado en las calles Dr. Noriega y Matamoros del Centro de la capital, la dependencia estatal lleva a cabo revisiones exhaustivas\u00a0\u00a0en todas las sucursales de la cadena, en coordinaci\u00f3n con las unidades municipales de Protecci\u00f3n Civil, con el objetivo de\u00a0<strong>verificar que los establecimientos cumplan con los requerimientos<\/strong>\u00a0necesarios antes de reanudar operaciones.<\/p>\n<p>En un comunicado girado este viernes informaron que, hasta el momento,\u00a0<strong>han sido revisadas 48 de un total de 68 tiendas<\/strong>\u00a0distribuidas en 20 municipios del estado, como parte de este operativo preventivo. Como resultado, encontraron que\u00a0dos sucursales,\u00a0<strong>ubicadas en los municipios de Benito Ju\u00e1rez e \u00cdmuris<\/strong>, cumplieron con la normatividad vigente, por lo que se autoriz\u00f3 su reapertura.<\/p>\n<p>El resto de las tiendas\u00a0<strong>contin\u00faa atendiendo las observaciones detectadas<\/strong>\u00a0durante las revisiones t\u00e9cnicas, principalmente relacionadas con medidas de seguridad. La autoridad estatal se\u00f1al\u00f3 que mantendr\u00e1 el acompa\u00f1amiento a los establecimientos para garantizar que cuenten con condiciones seguras de operaci\u00f3n, con el objetivo de proteger la integridad de clientes y trabajadores en todo el estado.<\/p>\n","protected":false},"excerpt":{"rendered":"<p>Derivado de las inspecciones de seguridad intensificadas en todas las\u00a0tiendas\u00a0Waldo\u2019s en Sonora\u00a0tras el incidente ocurrido en una sucursal de Hermosillo el pasado 1 de noviembre, donde 24 personas perdieron la vida,\u00a0la\u00a0Coordinaci\u00f3n Estatal de\u00a0Protecci\u00f3n Civil confirm\u00f3 que ha autorizado su reapertura en dos municipios. A ra\u00edz del incendio, presuntamente provocado por un\u00a0malfuncionamiento de un transformador dentro [&hellip;]<\/p>\n","protected":false},"author":2,"featured_media":239075,"comment_status":"closed","ping_status":"closed","sticky":false,"template":"","format":"standard","meta":{"footnotes":""},"categories":[12870,178],"tags":[12865,12869],"class_list":["post-239074","post","type-post","status-publish","format-standard","has-post-thumbnail","hentry","category-destacadas","category-local","tag-destacadas","tag-local"],"jetpack_featured_media_url":"https:\/\/rnoticias.com.mx\/Portal\/wp-content\/uploads\/2025\/12\/cierran-sucursales-waldo-sonora-explosion.webp","amp_enabled":true,"_links":{"self":[{"href":"https:\/\/rnoticias.com.mx\/Portal\/wp-json\/wp\/v2\/posts\/239074","targetHints":{"allow":["GET"]}}],"collection":[{"href":"https:\/\/rnoticias.com.mx\/Portal\/wp-json\/wp\/v2\/posts"}],"about":[{"href":"https:\/\/rnoticias.com.mx\/Portal\/wp-json\/wp\/v2\/types\/post"}],"author":[{"embeddable":true,"href":"https:\/\/rnoticias.com.mx\/Portal\/wp-json\/wp\/v2\/users\/2"}],"replies":[{"embeddable":true,"href":"https:\/\/rnoticias.com.mx\/Portal\/wp-json\/wp\/v2\/comments?post=239074"}],"version-history":[{"count":1,"href":"https:\/\/rnoticias.com.mx\/Portal\/wp-json\/wp\/v2\/posts\/239074\/revisions"}],"predecessor-version":[{"id":239076,"href":"https:\/\/rnoticias.com.mx\/Portal\/wp-json\/wp\/v2\/posts\/239074\/revisions\/239076"}],"wp:featuredmedia":[{"embeddable":true,"href":"https:\/\/rnoticias.com.mx\/Portal\/wp-json\/wp\/v2\/media\/239075"}],"wp:attachment":[{"href":"https:\/\/rnoticias.com.mx\/Portal\/wp-json\/wp\/v2\/media?parent=239074"}],"wp:term":[{"taxonomy":"category","embeddable":true,"href":"https:\/\/rnoticias.com.mx\/Portal\/wp-json\/wp\/v2\/categories?post=239074"},{"taxonomy":"post_tag","embeddable":true,"href":"https:\/\/rnoticias.com.mx\/Portal\/wp-json\/wp\/v2\/tags?post=239074"}],"curies":[{"name":"wp","href":"https:\/\/api.w.org\/{rel}","templated":true}]}}