{"id":239068,"date":"2025-12-19T11:37:49","date_gmt":"2025-12-19T18:37:49","guid":{"rendered":"https:\/\/rnoticias.com.mx\/Portal\/?p=239068"},"modified":"2025-12-19T11:37:49","modified_gmt":"2025-12-19T18:37:49","slug":"celebra-tono-astiazaran-a-familias-hermosillenses-en-renovado-jardin-juarez","status":"publish","type":"post","link":"https:\/\/rnoticias.com.mx\/Portal\/2025\/12\/19\/celebra-tono-astiazaran-a-familias-hermosillenses-en-renovado-jardin-juarez\/","title":{"rendered":"Celebra To\u00f1o Astiazar\u00e1n a familias hermosillenses en renovado Jard\u00edn Ju\u00e1rez"},"content":{"rendered":"<p><b data-olk-copy-source=\"MessageBody\">Hermosillo, Sonora; 19 de diciembre 2025.-<\/b>El talento hermosillense brill\u00f3 en el coraz\u00f3n del Centro de la ciudad con una tarde musical en el Jard\u00edn Ju\u00e1rez, donde Antonio Astiazar\u00e1n Guti\u00e9rrez convivi\u00f3 con familias hermosillenses en el marco del programa Parque al Arte en su octava etapa, impulsado por el Instituto Municipal de Cultura y Arte (IMCA), en un ambiente de cercan\u00eda, arte y comunidad.<\/p>\n<p aria-hidden=\"true\">\n<p>El presidente municipal junto a Marianna Gonz\u00e1lez Gast\u00e9lum, directora del IMCA, recorrieron el emblem\u00e1tico y recientemente renovado Jard\u00edn Ju\u00e1rez, donde asistentes disfrutaron de las presentaciones del Coro Orfe\u00f3n Sonora y Norte\u00f1o sin Sombrero, quienes convirtieron este espacio p\u00fablico en un punto de encuentro cultural y familiar con un ambiente decembrino.<\/p>\n<p aria-hidden=\"true\">\n<p>En esta edici\u00f3n navide\u00f1a de Parque al Arte tambi\u00e9n estuvieron conviviendo con ni\u00f1os y adultos Santaclos y El Grinch.<\/p>\n<p aria-hidden=\"true\">\n<p>&#8220;Me da mucho gusto ser testigo del Parque Madero y ahora tambi\u00e9n un antes y un despu\u00e9s muy importante para el Jard\u00edn Ju\u00e1rez, por eso yo le ped\u00ed a Marianna nuestra directora del IMCA y su equipo que nos ayudaran junto con Santa y El Grinch aqu\u00ed presente para tener actividades con motivo de la navidad en este lugar tan hist\u00f3rico de nuestra ciudad&#8221;, agradeci\u00f3 a nombre de su esposa Patricia Ruibal Zaragoza, presidenta de DIF Hermosillo.<\/p>\n<p aria-hidden=\"true\">\n<p>El programa Parque Al Arte del IMCA se ha consolidado como una plataforma que impulsa el talento art\u00edstico local y acerca diversas expresiones culturales a la ciudadan\u00eda impactando a m\u00e1s de 22 mil personas en 139 colonias visitadas, sum\u00e1ndose a las actividades decembrinas que el Ayuntamiento de Hermosillo ha preparado para estas fechas.<\/p>\n<p aria-hidden=\"true\">\n<p>&#8220;Este programa ha llegado a diversas colonias de Hermosillo y busca precisamente que el arte y la cultura sea una herramienta para unirnos como familia, pero sobre todo para que nuestros artistas de Hermosillo tengan un espacio para que puedan presentar su obra&#8221;, manifest\u00f3.<\/p>\n<p aria-hidden=\"true\">\n<p>Por su parte Carlos Faz, presidente del Patronato Pro-Obras del Centro Hist\u00f3rico reconoci\u00f3 el esfuerzo del Gobierno Municipal por renovar un espacio emblem\u00e1tico como el Jard\u00edn Ju\u00e1rez con actividades art\u00edsticas y culturales.<\/p>\n<p aria-hidden=\"true\">\n<p>&#8220;Una menci\u00f3n honor\u00edfica a nuestro presidente municipal. El rescate de esta plaza era muy necesario y qu\u00e9 mejor que inaugurarlo con cultura, es un evento muy bonito que Marianna nos ha ayudado a organizar. Estamos ante el inicio de una nueva tradici\u00f3n que esperemos que contin\u00fae por muchos a\u00f1os aqu\u00ed en su centro en su casa Hermosillo, en este \u00edcono de la ciudad donde todos en alg\u00fan punto hemos venido a convivir&#8221;, destac\u00f3.<\/p>\n<p aria-hidden=\"true\">\n<p>Hermosillo destaca por su calidad art\u00edstica como el Coro Orfe\u00f3n Sonora, colectivo coral con m\u00e1s de cinco d\u00e9cadas de trayectoria que ha participado en festivales y conciertos de gran relevancia a nivel estatal y nacional, as\u00ed como Norte\u00f1o sin Sombrero, un ensamble joven que fusiona la formaci\u00f3n acad\u00e9mica con la m\u00fasica regional mexicana, consolid\u00e1ndose como una propuesta fresca y comprometida con la difusi\u00f3n cultural del noroeste del pa\u00eds.<\/p>\n<p aria-hidden=\"true\">\n<p>La agenda navide\u00f1a de Parque al Arte continuar\u00e1 en el Jard\u00edn Ju\u00e1rez los d\u00edas 20, 23 y 27 de diciembre a partir de las 18:00 horas con una cartelera cultural para toda la familia.<\/p>\n<p aria-hidden=\"true\">\n<p>Al evento asistieron Carlos Faz, Presidente del Patronato Pro-Obras del Centro Hist\u00f3rico y Comercial de Hermosillo y los regidores Aurelio Cuevas y Cassandra L\u00f3pez.<\/p>\n","protected":false},"excerpt":{"rendered":"<p>Hermosillo, Sonora; 19 de diciembre 2025.-El talento hermosillense brill\u00f3 en el coraz\u00f3n del Centro de la ciudad con una tarde musical en el Jard\u00edn Ju\u00e1rez, donde Antonio Astiazar\u00e1n Guti\u00e9rrez convivi\u00f3 con familias hermosillenses en el marco del programa Parque al Arte en su octava etapa, impulsado por el Instituto Municipal de Cultura y Arte (IMCA), [&hellip;]<\/p>\n","protected":false},"author":2,"featured_media":239069,"comment_status":"closed","ping_status":"closed","sticky":false,"template":"","format":"standard","meta":{"footnotes":""},"categories":[12870,178],"tags":[12865,12869],"class_list":["post-239068","post","type-post","status-publish","format-standard","has-post-thumbnail","hentry","category-destacadas","category-local","tag-destacadas","tag-local"],"jetpack_featured_media_url":"https:\/\/rnoticias.com.mx\/Portal\/wp-content\/uploads\/2025\/12\/78216a5f-9f46-4545-be25-96ac955a23ec-300x219-1.jpg","amp_enabled":true,"_links":{"self":[{"href":"https:\/\/rnoticias.com.mx\/Portal\/wp-json\/wp\/v2\/posts\/239068","targetHints":{"allow":["GET"]}}],"collection":[{"href":"https:\/\/rnoticias.com.mx\/Portal\/wp-json\/wp\/v2\/posts"}],"about":[{"href":"https:\/\/rnoticias.com.mx\/Portal\/wp-json\/wp\/v2\/types\/post"}],"author":[{"embeddable":true,"href":"https:\/\/rnoticias.com.mx\/Portal\/wp-json\/wp\/v2\/users\/2"}],"replies":[{"embeddable":true,"href":"https:\/\/rnoticias.com.mx\/Portal\/wp-json\/wp\/v2\/comments?post=239068"}],"version-history":[{"count":1,"href":"https:\/\/rnoticias.com.mx\/Portal\/wp-json\/wp\/v2\/posts\/239068\/revisions"}],"predecessor-version":[{"id":239070,"href":"https:\/\/rnoticias.com.mx\/Portal\/wp-json\/wp\/v2\/posts\/239068\/revisions\/239070"}],"wp:featuredmedia":[{"embeddable":true,"href":"https:\/\/rnoticias.com.mx\/Portal\/wp-json\/wp\/v2\/media\/239069"}],"wp:attachment":[{"href":"https:\/\/rnoticias.com.mx\/Portal\/wp-json\/wp\/v2\/media?parent=239068"}],"wp:term":[{"taxonomy":"category","embeddable":true,"href":"https:\/\/rnoticias.com.mx\/Portal\/wp-json\/wp\/v2\/categories?post=239068"},{"taxonomy":"post_tag","embeddable":true,"href":"https:\/\/rnoticias.com.mx\/Portal\/wp-json\/wp\/v2\/tags?post=239068"}],"curies":[{"name":"wp","href":"https:\/\/api.w.org\/{rel}","templated":true}]}}