{"id":239065,"date":"2025-12-19T11:35:24","date_gmt":"2025-12-19T18:35:24","guid":{"rendered":"https:\/\/rnoticias.com.mx\/Portal\/?p=239065"},"modified":"2025-12-19T11:35:24","modified_gmt":"2025-12-19T18:35:24","slug":"registro-civil-de-sonora-mantendra-servicios-y-atencion-durante-el-periodo-vacacional","status":"publish","type":"post","link":"https:\/\/rnoticias.com.mx\/Portal\/2025\/12\/19\/registro-civil-de-sonora-mantendra-servicios-y-atencion-durante-el-periodo-vacacional\/","title":{"rendered":"Registro Civil de Sonora mantendr\u00e1 servicios y atenci\u00f3n durante el periodo vacacional"},"content":{"rendered":"<p>Hermosillo, Sonora; 19 de diciembre de 2025.\u2013 Las oficinas del Registro Civil en Sonora y la mayor\u00eda de sus oficial\u00edas mantendr\u00e1n su horario habitual de atenci\u00f3n, de 8:00 a 14:00 horas, durante el mes de diciembre, con excepci\u00f3n de los d\u00edas 25 de diciembre y 1 de enero, considerados inh\u00e1biles.<\/p>\n<p>La titular de la dependencia, Mari\u00e1n Mart\u00ednez Rodr\u00edguez, inform\u00f3 que, aunque el periodo vacacional del personal inicia el 18 de diciembre, se garantizar\u00e1 la prestaci\u00f3n de los servicios que brinda el Registro Civil, como la expedici\u00f3n de actas, correcciones, certificados de inexistencia y tr\u00e1mites de CURP, entre otros.<\/p>\n<p>Asimismo, las oficinas centrales, as\u00ed como la Oficial\u00eda de Villa de Seris y la Primera Oficial\u00eda, continuar\u00e1n brindando atenci\u00f3n para tr\u00e1mites de defunciones. De igual manera, a nivel estatal, todas las oficial\u00edas mantendr\u00e1n atenci\u00f3n para este tipo de tr\u00e1mites durante el periodo vacacional.<\/p>\n<p>Finalmente, el Registro Civil de Sonora exhort\u00f3 a la ciudadan\u00eda a planear con anticipaci\u00f3n sus tr\u00e1mites y a acudir a las oficial\u00edas dentro de los horarios establecidos, con el fin de brindar una atenci\u00f3n ordenada y oportuna.<\/p>\n","protected":false},"excerpt":{"rendered":"<p>Hermosillo, Sonora; 19 de diciembre de 2025.\u2013 Las oficinas del Registro Civil en Sonora y la mayor\u00eda de sus oficial\u00edas mantendr\u00e1n su horario habitual de atenci\u00f3n, de 8:00 a 14:00 horas, durante el mes de diciembre, con excepci\u00f3n de los d\u00edas 25 de diciembre y 1 de enero, considerados inh\u00e1biles. La titular de la dependencia, [&hellip;]<\/p>\n","protected":false},"author":2,"featured_media":239066,"comment_status":"closed","ping_status":"closed","sticky":false,"template":"","format":"standard","meta":{"footnotes":""},"categories":[12870,178],"tags":[12865,12869],"class_list":["post-239065","post","type-post","status-publish","format-standard","has-post-thumbnail","hentry","category-destacadas","category-local","tag-destacadas","tag-local"],"jetpack_featured_media_url":"https:\/\/rnoticias.com.mx\/Portal\/wp-content\/uploads\/2025\/12\/unnamed-3-7.jpg","amp_enabled":true,"_links":{"self":[{"href":"https:\/\/rnoticias.com.mx\/Portal\/wp-json\/wp\/v2\/posts\/239065","targetHints":{"allow":["GET"]}}],"collection":[{"href":"https:\/\/rnoticias.com.mx\/Portal\/wp-json\/wp\/v2\/posts"}],"about":[{"href":"https:\/\/rnoticias.com.mx\/Portal\/wp-json\/wp\/v2\/types\/post"}],"author":[{"embeddable":true,"href":"https:\/\/rnoticias.com.mx\/Portal\/wp-json\/wp\/v2\/users\/2"}],"replies":[{"embeddable":true,"href":"https:\/\/rnoticias.com.mx\/Portal\/wp-json\/wp\/v2\/comments?post=239065"}],"version-history":[{"count":1,"href":"https:\/\/rnoticias.com.mx\/Portal\/wp-json\/wp\/v2\/posts\/239065\/revisions"}],"predecessor-version":[{"id":239067,"href":"https:\/\/rnoticias.com.mx\/Portal\/wp-json\/wp\/v2\/posts\/239065\/revisions\/239067"}],"wp:featuredmedia":[{"embeddable":true,"href":"https:\/\/rnoticias.com.mx\/Portal\/wp-json\/wp\/v2\/media\/239066"}],"wp:attachment":[{"href":"https:\/\/rnoticias.com.mx\/Portal\/wp-json\/wp\/v2\/media?parent=239065"}],"wp:term":[{"taxonomy":"category","embeddable":true,"href":"https:\/\/rnoticias.com.mx\/Portal\/wp-json\/wp\/v2\/categories?post=239065"},{"taxonomy":"post_tag","embeddable":true,"href":"https:\/\/rnoticias.com.mx\/Portal\/wp-json\/wp\/v2\/tags?post=239065"}],"curies":[{"name":"wp","href":"https:\/\/api.w.org\/{rel}","templated":true}]}}