{"id":239062,"date":"2025-12-19T11:32:58","date_gmt":"2025-12-19T18:32:58","guid":{"rendered":"https:\/\/rnoticias.com.mx\/Portal\/?p=239062"},"modified":"2025-12-19T11:32:58","modified_gmt":"2025-12-19T18:32:58","slug":"gobernador-durazo-impulsa-el-desarrollo-integral-de-ninas-y-ninos-en-condicion-vulnerable-con-apoyos-y-becas","status":"publish","type":"post","link":"https:\/\/rnoticias.com.mx\/Portal\/2025\/12\/19\/gobernador-durazo-impulsa-el-desarrollo-integral-de-ninas-y-ninos-en-condicion-vulnerable-con-apoyos-y-becas\/","title":{"rendered":"Gobernador Durazo impulsa el desarrollo integral de ni\u00f1as y ni\u00f1os en condici\u00f3n vulnerable con apoyos y becas"},"content":{"rendered":"<p>Hermosillo, Sonora; 18 de diciembre de 2025.- Como parte de su compromiso con la ni\u00f1ez sonorense para fomentar su sano desarrollo y brindarles oportunidades, el gobernador Alfonso Durazo Monta\u00f1o celebr\u00f3 las posadas navide\u00f1as de las ni\u00f1as y ni\u00f1os del Internado Coronel J. Cruz G\u00e1lvez y del Hogar temporal Jineseki, de Sistema DIF Sonora, donde entreg\u00f3 juguetes, bicicletas y regalos.<\/p>\n<p>En un encuentro fraterno y cercano con la ni\u00f1ez del internado y la casa hogar, el mandatario sonorense mencion\u00f3 que el objetivo de estos espacios es brindarles a la oportunidad de construir una vida mejor, con esperanza y equidad.<\/p>\n<p>\u201cMe hace feliz su sonrisa, su cari\u00f1o, su abrazo, y su aplauso. Feliz Navidad, muy buen a\u00f1o pr\u00f3ximo y que todo vaya muy bien para cada una, cada uno de ustedes: felicidades\u201d, subray\u00f3.<\/p>\n<p>El gobernador Alfonso Durazo mencion\u00f3 que desde el Gobierno de Sonora se mantiene el firme compromiso por respaldar al Internado Coronel J. Cruz G\u00e1lvez, lo que se traduce en beneficio para las y los ni\u00f1os, como la construcci\u00f3n de un tejaban, mejoras en biblioteca, salones, cocina, y el comedor, en tanto que el siguiente a\u00f1o continuar\u00e1n acciones de infraestructura en el plantel.<\/p>\n<p>En Jineseki, el mandatario recorri\u00f3 las instalaciones y asegur\u00f3 que se apoyar\u00e1 en las necesidades urgentes del hogar temporal que ofrece servicio alimenticio, educativo, deportivo y recreativo a ni\u00f1as, ni\u00f1os y adolescentes, a quienes se les otorgar\u00e1 una beca mensual a partir del pr\u00f3ximo a\u00f1o.<\/p>\n<p>Estuvieron presentes: Lizeth Teresita V\u00e1squez Ochoa, directora del Sistema DIF Sonora; Froyl\u00e1n G\u00e1mez Gamboa, secretario de Educaci\u00f3n y Cultura; la senadora Lorenia Valles Sampedro; la presidenta del Congreso del Estado, Mar\u00eda Eduwiges Espinoza Tapia, as\u00ed como representantes de patronatos y de ambos centros.<\/p>\n","protected":false},"excerpt":{"rendered":"<p>Hermosillo, Sonora; 18 de diciembre de 2025.- Como parte de su compromiso con la ni\u00f1ez sonorense para fomentar su sano desarrollo y brindarles oportunidades, el gobernador Alfonso Durazo Monta\u00f1o celebr\u00f3 las posadas navide\u00f1as de las ni\u00f1as y ni\u00f1os del Internado Coronel J. Cruz G\u00e1lvez y del Hogar temporal Jineseki, de Sistema DIF Sonora, donde entreg\u00f3 [&hellip;]<\/p>\n","protected":false},"author":2,"featured_media":239063,"comment_status":"closed","ping_status":"closed","sticky":false,"template":"","format":"standard","meta":{"footnotes":""},"categories":[12870,178],"tags":[12865,12869],"class_list":["post-239062","post","type-post","status-publish","format-standard","has-post-thumbnail","hentry","category-destacadas","category-local","tag-destacadas","tag-local"],"jetpack_featured_media_url":"https:\/\/rnoticias.com.mx\/Portal\/wp-content\/uploads\/2025\/12\/unnamed-61.jpg","amp_enabled":true,"_links":{"self":[{"href":"https:\/\/rnoticias.com.mx\/Portal\/wp-json\/wp\/v2\/posts\/239062","targetHints":{"allow":["GET"]}}],"collection":[{"href":"https:\/\/rnoticias.com.mx\/Portal\/wp-json\/wp\/v2\/posts"}],"about":[{"href":"https:\/\/rnoticias.com.mx\/Portal\/wp-json\/wp\/v2\/types\/post"}],"author":[{"embeddable":true,"href":"https:\/\/rnoticias.com.mx\/Portal\/wp-json\/wp\/v2\/users\/2"}],"replies":[{"embeddable":true,"href":"https:\/\/rnoticias.com.mx\/Portal\/wp-json\/wp\/v2\/comments?post=239062"}],"version-history":[{"count":1,"href":"https:\/\/rnoticias.com.mx\/Portal\/wp-json\/wp\/v2\/posts\/239062\/revisions"}],"predecessor-version":[{"id":239064,"href":"https:\/\/rnoticias.com.mx\/Portal\/wp-json\/wp\/v2\/posts\/239062\/revisions\/239064"}],"wp:featuredmedia":[{"embeddable":true,"href":"https:\/\/rnoticias.com.mx\/Portal\/wp-json\/wp\/v2\/media\/239063"}],"wp:attachment":[{"href":"https:\/\/rnoticias.com.mx\/Portal\/wp-json\/wp\/v2\/media?parent=239062"}],"wp:term":[{"taxonomy":"category","embeddable":true,"href":"https:\/\/rnoticias.com.mx\/Portal\/wp-json\/wp\/v2\/categories?post=239062"},{"taxonomy":"post_tag","embeddable":true,"href":"https:\/\/rnoticias.com.mx\/Portal\/wp-json\/wp\/v2\/tags?post=239062"}],"curies":[{"name":"wp","href":"https:\/\/api.w.org\/{rel}","templated":true}]}}