{"id":239056,"date":"2025-12-19T11:21:03","date_gmt":"2025-12-19T18:21:03","guid":{"rendered":"https:\/\/rnoticias.com.mx\/Portal\/?p=239056"},"modified":"2025-12-19T11:21:03","modified_gmt":"2025-12-19T18:21:03","slug":"chicharito-podria-dejar-las-canchas-por-la-television","status":"publish","type":"post","link":"https:\/\/rnoticias.com.mx\/Portal\/2025\/12\/19\/chicharito-podria-dejar-las-canchas-por-la-television\/","title":{"rendered":"\u2018Chicharito\u2019 podr\u00eda dejar las canchas por la televisi\u00f3n"},"content":{"rendered":"<p>Javier \u2018Chicharito\u2019 Hern\u00e1ndez a\u00fan sigue en la b\u00fasqueda de un equipo que le permita continuar su carrera sobre los terrenos de juego, pero en caso de no encontrar se\u00a0<strong>convertir\u00eda en analista en una de las principales cadenas del pa\u00eds.<\/strong><\/p>\n<p>Chicharito a\u00fan contin\u00faa en la b\u00fasqueda de un nuevo equipo, esto luego de que terminara su relaci\u00f3n con el equipo de sus amores, las Chivas de Guadalajara, ya que su intenci\u00f3n es continuar activo como futbolista, pero en dado caso de que eso no suceda, ya tendr\u00eda listo un plan \u2018B\u2019.<\/p>\n<p>Se trata de la televisora ESPN, y es que fue el mism\u00edsimo Juan Pablo Fern\u00e1ndez, hijo de Jos\u00e9 Ram\u00f3n Fern\u00e1ndez, quien anunci\u00f3 en sus redes sociales que Chicharito se unir\u00eda a la cadena como analista para la Copa del Mundo en caso de no encontrar equipo.<\/p>\n<p>&#8220;Pero s\u00ed les adelanto que,\u00a0<strong>si Javier &#8216;Chicharito&#8217; Hern\u00e1ndez no encuentra equipo en enero, estar\u00eda sentado como comentarista en las mesas de ESPN&#8221;<\/strong>, fueron las palabras de Fern\u00e1ndez.<\/p>\n<p>Hasta el momento Javier Hern\u00e1ndez no ha dado declaraciones respecto a su futuro, pero fue Sergio Dipp, periodista de ESPN y amigo cercano a Hern\u00e1ndez que\u00a0<strong>confirm\u00f3 que la intenci\u00f3n del futbolista es seguir activo, e incluso manej\u00f3 a la MLS como posible destino.<\/strong><\/p>\n<p>&nbsp;<\/p>\n<p>&nbsp;<\/p>\n<p>Fuente: Medio Tiempo<\/p>\n","protected":false},"excerpt":{"rendered":"<p>Javier \u2018Chicharito\u2019 Hern\u00e1ndez a\u00fan sigue en la b\u00fasqueda de un equipo que le permita continuar su carrera sobre los terrenos de juego, pero en caso de no encontrar se\u00a0convertir\u00eda en analista en una de las principales cadenas del pa\u00eds. Chicharito a\u00fan contin\u00faa en la b\u00fasqueda de un nuevo equipo, esto luego de que terminara su [&hellip;]<\/p>\n","protected":false},"author":2,"featured_media":239057,"comment_status":"closed","ping_status":"closed","sticky":false,"template":"","format":"standard","meta":{"footnotes":""},"categories":[188,12870],"tags":[5231,12865],"class_list":["post-239056","post","type-post","status-publish","format-standard","has-post-thumbnail","hentry","category-deportes","category-destacadas","tag-deportes","tag-destacadas"],"jetpack_featured_media_url":"https:\/\/rnoticias.com.mx\/Portal\/wp-content\/uploads\/2025\/12\/javier-chicharito-hernandez-delantero-de-chivas.jpg","amp_enabled":true,"_links":{"self":[{"href":"https:\/\/rnoticias.com.mx\/Portal\/wp-json\/wp\/v2\/posts\/239056","targetHints":{"allow":["GET"]}}],"collection":[{"href":"https:\/\/rnoticias.com.mx\/Portal\/wp-json\/wp\/v2\/posts"}],"about":[{"href":"https:\/\/rnoticias.com.mx\/Portal\/wp-json\/wp\/v2\/types\/post"}],"author":[{"embeddable":true,"href":"https:\/\/rnoticias.com.mx\/Portal\/wp-json\/wp\/v2\/users\/2"}],"replies":[{"embeddable":true,"href":"https:\/\/rnoticias.com.mx\/Portal\/wp-json\/wp\/v2\/comments?post=239056"}],"version-history":[{"count":1,"href":"https:\/\/rnoticias.com.mx\/Portal\/wp-json\/wp\/v2\/posts\/239056\/revisions"}],"predecessor-version":[{"id":239058,"href":"https:\/\/rnoticias.com.mx\/Portal\/wp-json\/wp\/v2\/posts\/239056\/revisions\/239058"}],"wp:featuredmedia":[{"embeddable":true,"href":"https:\/\/rnoticias.com.mx\/Portal\/wp-json\/wp\/v2\/media\/239057"}],"wp:attachment":[{"href":"https:\/\/rnoticias.com.mx\/Portal\/wp-json\/wp\/v2\/media?parent=239056"}],"wp:term":[{"taxonomy":"category","embeddable":true,"href":"https:\/\/rnoticias.com.mx\/Portal\/wp-json\/wp\/v2\/categories?post=239056"},{"taxonomy":"post_tag","embeddable":true,"href":"https:\/\/rnoticias.com.mx\/Portal\/wp-json\/wp\/v2\/tags?post=239056"}],"curies":[{"name":"wp","href":"https:\/\/api.w.org\/{rel}","templated":true}]}}