{"id":239047,"date":"2025-12-19T11:12:13","date_gmt":"2025-12-19T18:12:13","guid":{"rendered":"https:\/\/rnoticias.com.mx\/Portal\/?p=239047"},"modified":"2025-12-19T11:12:13","modified_gmt":"2025-12-19T18:12:13","slug":"leon-xiv-nombra-a-nuevo-arzobispo-de-nueva-york","status":"publish","type":"post","link":"https:\/\/rnoticias.com.mx\/Portal\/2025\/12\/19\/leon-xiv-nombra-a-nuevo-arzobispo-de-nueva-york\/","title":{"rendered":"Le\u00f3n XIV nombra a nuevo arzobispo de Nueva York"},"content":{"rendered":"<p><mark><strong>El Papa Le\u00f3n XIV acept\u00f3 la renuncia del arzobispo de Nueva York, el cardenal Timothy Michael Dolan, presentada al haber cumplido la edad de jubilaci\u00f3n (75 a\u00f1os) en febrero pasado y nombr\u00f3 sustituto a Ronald A. Hicks,<\/strong><\/mark>\u00a0procedente de Chicago como el pont\u00edfice y con un pasado como misionero en Am\u00e9rica Latina, inform\u00f3 el Vaticano.<\/p>\n<p><strong>El Papa estadounidense sustituye as\u00ed al poderoso Dolan, un cardenal muy cercano a Donald Trump y con posiciones conservadoras,<\/strong>\u00a0quien no obstante se expres\u00f3 contra las pol\u00edticas migratorias del presidente de Estados Unidos, al igual que todos los obispos de ese pa\u00eds.<\/p>\n<p>Ahora, Nueva York, una de las sedes eclesi\u00e1sticas m\u00e1s influyentes de los Estados Unidos y con una importante presencia de parroquias y de comunidad inmigrante, estar\u00e1 dirigida por Ronald Aldon Hicks, nacido el 4 de agosto de 1967 en Illinois y licenciado en Filosof\u00eda en la Loyola University de Chicago. Fue ordenado sacerdote en 1994 y en julio de 2005 se traslad\u00f3 de Chicago a El Salvador y M\u00e9xico para iniciar su mandato de cinco a\u00f1os como director regional de la organizaci\u00f3n \u201cNuestros Peque\u00f1os Hermanos (NPH)\u201d en Centroam\u00e9rica.<\/p>\n<p>Este es hasta ahora el nombramiento m\u00e1s importante del Papa Le\u00f3n XIV en Estados Unidos, donde en lo que lleva de pontificado ha designado, entre otros, a nuevos obispos en San Diego y en Monterrey (ambos en el estado de California) y en Austin (Texas).<\/p>\n<div class=\"news-tpub bot\"><\/div>\n","protected":false},"excerpt":{"rendered":"<p>El Papa Le\u00f3n XIV acept\u00f3 la renuncia del arzobispo de Nueva York, el cardenal Timothy Michael Dolan, presentada al haber cumplido la edad de jubilaci\u00f3n (75 a\u00f1os) en febrero pasado y nombr\u00f3 sustituto a Ronald A. Hicks,\u00a0procedente de Chicago como el pont\u00edfice y con un pasado como misionero en Am\u00e9rica Latina, inform\u00f3 el Vaticano. El [&hellip;]<\/p>\n","protected":false},"author":2,"featured_media":239048,"comment_status":"closed","ping_status":"closed","sticky":false,"template":"","format":"standard","meta":{"footnotes":""},"categories":[12870,182],"tags":[12865,12871],"class_list":["post-239047","post","type-post","status-publish","format-standard","has-post-thumbnail","hentry","category-destacadas","category-internacional","tag-destacadas","tag-internacional"],"jetpack_featured_media_url":"https:\/\/rnoticias.com.mx\/Portal\/wp-content\/uploads\/2025\/12\/leon-xiv-nombra-a-sacerdote-promigrante-como-arzobispo-de-ny_fd801563-e1f3-400c-be0f-8004ef94de19_medialjnimgndimagefullsize.webp","amp_enabled":true,"_links":{"self":[{"href":"https:\/\/rnoticias.com.mx\/Portal\/wp-json\/wp\/v2\/posts\/239047","targetHints":{"allow":["GET"]}}],"collection":[{"href":"https:\/\/rnoticias.com.mx\/Portal\/wp-json\/wp\/v2\/posts"}],"about":[{"href":"https:\/\/rnoticias.com.mx\/Portal\/wp-json\/wp\/v2\/types\/post"}],"author":[{"embeddable":true,"href":"https:\/\/rnoticias.com.mx\/Portal\/wp-json\/wp\/v2\/users\/2"}],"replies":[{"embeddable":true,"href":"https:\/\/rnoticias.com.mx\/Portal\/wp-json\/wp\/v2\/comments?post=239047"}],"version-history":[{"count":1,"href":"https:\/\/rnoticias.com.mx\/Portal\/wp-json\/wp\/v2\/posts\/239047\/revisions"}],"predecessor-version":[{"id":239049,"href":"https:\/\/rnoticias.com.mx\/Portal\/wp-json\/wp\/v2\/posts\/239047\/revisions\/239049"}],"wp:featuredmedia":[{"embeddable":true,"href":"https:\/\/rnoticias.com.mx\/Portal\/wp-json\/wp\/v2\/media\/239048"}],"wp:attachment":[{"href":"https:\/\/rnoticias.com.mx\/Portal\/wp-json\/wp\/v2\/media?parent=239047"}],"wp:term":[{"taxonomy":"category","embeddable":true,"href":"https:\/\/rnoticias.com.mx\/Portal\/wp-json\/wp\/v2\/categories?post=239047"},{"taxonomy":"post_tag","embeddable":true,"href":"https:\/\/rnoticias.com.mx\/Portal\/wp-json\/wp\/v2\/tags?post=239047"}],"curies":[{"name":"wp","href":"https:\/\/api.w.org\/{rel}","templated":true}]}}