{"id":239030,"date":"2025-12-19T09:13:48","date_gmt":"2025-12-19T16:13:48","guid":{"rendered":"https:\/\/rnoticias.com.mx\/Portal\/?p=239030"},"modified":"2025-12-19T09:13:48","modified_gmt":"2025-12-19T16:13:48","slug":"donald-trump-repatria-a-mas-de-145-mil-migrantes-mexicanos","status":"publish","type":"post","link":"https:\/\/rnoticias.com.mx\/Portal\/2025\/12\/19\/donald-trump-repatria-a-mas-de-145-mil-migrantes-mexicanos\/","title":{"rendered":"Donald Trump repatria a m\u00e1s de 145 mil migrantes mexicanos"},"content":{"rendered":"<p>En el marco del D\u00eda Internacional del Migrante, la secretaria de Gobernaci\u00f3n, Rosa Icela Rodr\u00edguez, inform\u00f3 que\u00a0<strong>del 20 de enero al 17 de diciembre de este a\u00f1o \u2014periodo de la administraci\u00f3n de Donald Trump\u2014 se han registrado 145 mil 537 repatriaciones de mexicanos desde Estados Unidos, quienes han sido atendidos a trav\u00e9s del programa \u201cM\u00e9xico Te Abraza\u201d.<\/strong><\/p>\n<p>Rodr\u00edguez explic\u00f3 que el programa tiene como objetivo brindar atenci\u00f3n integral, alojamiento, orientaci\u00f3n y traslado a las comunidades de origen de las personas repatriadas, con pleno respeto a sus derechos humanos.<\/p>\n<p>En esta labor participan 34 dependencias del Gobierno de M\u00e9xico, que coordinan acciones en materia de salud, bienestar, empleo, educaci\u00f3n e inclusi\u00f3n financiera.<\/p>\n<p>De acuerdo con los datos presentados, 116 mil 116 connacionales fueron repatriados v\u00eda terrestre, mientras que 29 mil 381 retornaron por v\u00eda a\u00e9rea.<\/p>\n<p><strong>Octubre fue el mes con mayor n\u00famero de retornos, principalmente por tierra,<\/strong>\u00a0mientras que en agosto se registr\u00f3 un incremento en las repatriaciones a\u00e9reas que arribaron a los aeropuertos de Villahermosa, Tabasco; Tapachula, Chiapas; y el Aeropuerto Internacional Felipe \u00c1ngeles, en el Estado de M\u00e9xico.<\/p>\n<p>La titular de Segob detall\u00f3 que\u00a0<mark><strong>el Gobierno federal habilit\u00f3 nueve centros de atenci\u00f3n en Entidades fronterizas como Baja California, Sonora, Chihuahua, Coahuila y Tamaulipas, as\u00ed como en el sur del pa\u00eds, para recibir a las personas repatriadas.<\/strong><\/mark><\/p>\n<p>A partir del 1 de noviembre, estos centros operan con una capacidad conjunta de mil 800 personas diarias, aunque algunos de mayor tama\u00f1o redujeron su operaci\u00f3n a 200 lugares.<\/p>\n<p>Del total de repatriados,<strong>\u00a099 mil 924 personas ingresaron a alguno de los centros de atenci\u00f3n, mientras que 45 mil 613 decidieron no hacerlo;\u00a0<\/strong>no obstante, estas personas recibieron alimentaci\u00f3n, acceso a llamadas telef\u00f3nicas, orientaci\u00f3n jur\u00eddica y apoyo para su traslado en los puntos de ingreso al pa\u00eds.<\/p>\n<p>En conjunto, el programa \u201cM\u00e9xico Te Abraza\u201d ha otorgado m\u00e1s de 846 mil servicios, entre ellos 292 mil raciones de alimentos calientes, 24 mil 300 atenciones m\u00e9dicas y m\u00e1s de 8 mil atenciones psicol\u00f3gicas.<\/p>\n<p>Asimismo, a trav\u00e9s del DIF se brind\u00f3 apoyo a n\u00facleos familiares, ni\u00f1as, ni\u00f1os y adolescentes, as\u00ed como atenci\u00f3n jur\u00eddica y de salud contra la violencia a m\u00e1s de 8 mil mujeres.<\/p>\n<p>Rodr\u00edguez destac\u00f3 que m\u00e1s de 90 mil personas repatriadas fueron afiliadas al IMSS, por instrucci\u00f3n de la presidenta Sheinbaum, para garantizar atenci\u00f3n m\u00e9dica tanto a ellas como a sus beneficiarios legales.<\/p>\n<p>La secretaria inform\u00f3 que el Instituto Nacional de Migraci\u00f3n ha realizado el traslado de m\u00e1s de 98 mil compatriotas a sus Estados de origen.<\/p>\n","protected":false},"excerpt":{"rendered":"<p>En el marco del D\u00eda Internacional del Migrante, la secretaria de Gobernaci\u00f3n, Rosa Icela Rodr\u00edguez, inform\u00f3 que\u00a0del 20 de enero al 17 de diciembre de este a\u00f1o \u2014periodo de la administraci\u00f3n de Donald Trump\u2014 se han registrado 145 mil 537 repatriaciones de mexicanos desde Estados Unidos, quienes han sido atendidos a trav\u00e9s del programa \u201cM\u00e9xico [&hellip;]<\/p>\n","protected":false},"author":2,"featured_media":239032,"comment_status":"closed","ping_status":"closed","sticky":false,"template":"","format":"standard","meta":{"footnotes":""},"categories":[12870,172],"tags":[12865,12874],"class_list":["post-239030","post","type-post","status-publish","format-standard","has-post-thumbnail","hentry","category-destacadas","category-nacional","tag-destacadas","tag-nacional"],"jetpack_featured_media_url":"https:\/\/rnoticias.com.mx\/Portal\/wp-content\/uploads\/2025\/12\/f618x335-817288_846881_5050.webp","amp_enabled":true,"_links":{"self":[{"href":"https:\/\/rnoticias.com.mx\/Portal\/wp-json\/wp\/v2\/posts\/239030","targetHints":{"allow":["GET"]}}],"collection":[{"href":"https:\/\/rnoticias.com.mx\/Portal\/wp-json\/wp\/v2\/posts"}],"about":[{"href":"https:\/\/rnoticias.com.mx\/Portal\/wp-json\/wp\/v2\/types\/post"}],"author":[{"embeddable":true,"href":"https:\/\/rnoticias.com.mx\/Portal\/wp-json\/wp\/v2\/users\/2"}],"replies":[{"embeddable":true,"href":"https:\/\/rnoticias.com.mx\/Portal\/wp-json\/wp\/v2\/comments?post=239030"}],"version-history":[{"count":1,"href":"https:\/\/rnoticias.com.mx\/Portal\/wp-json\/wp\/v2\/posts\/239030\/revisions"}],"predecessor-version":[{"id":239033,"href":"https:\/\/rnoticias.com.mx\/Portal\/wp-json\/wp\/v2\/posts\/239030\/revisions\/239033"}],"wp:featuredmedia":[{"embeddable":true,"href":"https:\/\/rnoticias.com.mx\/Portal\/wp-json\/wp\/v2\/media\/239032"}],"wp:attachment":[{"href":"https:\/\/rnoticias.com.mx\/Portal\/wp-json\/wp\/v2\/media?parent=239030"}],"wp:term":[{"taxonomy":"category","embeddable":true,"href":"https:\/\/rnoticias.com.mx\/Portal\/wp-json\/wp\/v2\/categories?post=239030"},{"taxonomy":"post_tag","embeddable":true,"href":"https:\/\/rnoticias.com.mx\/Portal\/wp-json\/wp\/v2\/tags?post=239030"}],"curies":[{"name":"wp","href":"https:\/\/api.w.org\/{rel}","templated":true}]}}