{"id":239027,"date":"2025-12-19T09:11:51","date_gmt":"2025-12-19T16:11:51","guid":{"rendered":"https:\/\/rnoticias.com.mx\/Portal\/?p=239027"},"modified":"2025-12-19T09:11:51","modified_gmt":"2025-12-19T16:11:51","slug":"cruz-roja-reforzara-atencion-en-fiestas-decembrinas","status":"publish","type":"post","link":"https:\/\/rnoticias.com.mx\/Portal\/2025\/12\/19\/cruz-roja-reforzara-atencion-en-fiestas-decembrinas\/","title":{"rendered":"Cruz Roja reforzar\u00e1 atenci\u00f3n en fiestas decembrinas"},"content":{"rendered":"<p>Hermosillo, Sonora. Durante las celebraciones de Navidad y A\u00f1o Nuevo, la Cruz Roja Hermosillo pondr\u00e1 en marcha un operativo especial enfocado en la prevenci\u00f3n y atenci\u00f3n oportuna de emergencias, con la finalidad de disminuir los tiempos de respuesta y salvaguardar la integridad de la poblaci\u00f3n en estas fechas de alta movilidad.<\/p>\n<p>&nbsp;<\/p>\n<p>El coordinador de Socorros, Sergio Mada, dijo que el plan contempla la participaci\u00f3n de alrededor de 60 voluntarios, as\u00ed como la incorporaci\u00f3n de seis ambulancias adicionales a las que operan de manera regular.<\/p>\n<p>&nbsp;<\/p>\n<p>\u201cEstas unidades ser\u00e1n distribuidas estrat\u00e9gicamente en sectores de la ciudad donde hist\u00f3ricamente se registra mayor afluencia de personas y un incremento en situaciones de riesgo durante el periodo decembrino como accidentes viales o asociados a reuniones\u201d, coment\u00f3.<\/p>\n<p>&nbsp;<\/p>\n<p>&nbsp;<\/p>\n<p>El dato:<\/p>\n<p>Las ambulancias estar\u00e1n ubicadas en puntos como El Gallo, la gasolinera Isela Vega, la colonia Palo Verde, el cruce de L\u00e1zaro C\u00e1rdenas y Solidaridad, la zona norte de la ciudad, as\u00ed como Portillo y Morales, Portillo y Perd\u00f3n, Morelos y el \u00e1rea de El Faro.<\/p>\n<p>&nbsp;<\/p>\n<p>&nbsp;<\/p>\n<p>Cifra:<\/p>\n<p>Cruz Roja estima atender entre 20 y 25 servicios por noche durante el operativo.<\/p>\n<p>&nbsp;<\/p>\n","protected":false},"excerpt":{"rendered":"<p>Hermosillo, Sonora. Durante las celebraciones de Navidad y A\u00f1o Nuevo, la Cruz Roja Hermosillo pondr\u00e1 en marcha un operativo especial enfocado en la prevenci\u00f3n y atenci\u00f3n oportuna de emergencias, con la finalidad de disminuir los tiempos de respuesta y salvaguardar la integridad de la poblaci\u00f3n en estas fechas de alta movilidad. &nbsp; El coordinador de [&hellip;]<\/p>\n","protected":false},"author":2,"featured_media":239028,"comment_status":"closed","ping_status":"closed","sticky":false,"template":"","format":"standard","meta":{"footnotes":""},"categories":[12870,178],"tags":[12865,12869],"class_list":["post-239027","post","type-post","status-publish","format-standard","has-post-thumbnail","hentry","category-destacadas","category-local","tag-destacadas","tag-local"],"jetpack_featured_media_url":"https:\/\/rnoticias.com.mx\/Portal\/wp-content\/uploads\/2025\/12\/web350-13.jpg","amp_enabled":true,"_links":{"self":[{"href":"https:\/\/rnoticias.com.mx\/Portal\/wp-json\/wp\/v2\/posts\/239027","targetHints":{"allow":["GET"]}}],"collection":[{"href":"https:\/\/rnoticias.com.mx\/Portal\/wp-json\/wp\/v2\/posts"}],"about":[{"href":"https:\/\/rnoticias.com.mx\/Portal\/wp-json\/wp\/v2\/types\/post"}],"author":[{"embeddable":true,"href":"https:\/\/rnoticias.com.mx\/Portal\/wp-json\/wp\/v2\/users\/2"}],"replies":[{"embeddable":true,"href":"https:\/\/rnoticias.com.mx\/Portal\/wp-json\/wp\/v2\/comments?post=239027"}],"version-history":[{"count":1,"href":"https:\/\/rnoticias.com.mx\/Portal\/wp-json\/wp\/v2\/posts\/239027\/revisions"}],"predecessor-version":[{"id":239029,"href":"https:\/\/rnoticias.com.mx\/Portal\/wp-json\/wp\/v2\/posts\/239027\/revisions\/239029"}],"wp:featuredmedia":[{"embeddable":true,"href":"https:\/\/rnoticias.com.mx\/Portal\/wp-json\/wp\/v2\/media\/239028"}],"wp:attachment":[{"href":"https:\/\/rnoticias.com.mx\/Portal\/wp-json\/wp\/v2\/media?parent=239027"}],"wp:term":[{"taxonomy":"category","embeddable":true,"href":"https:\/\/rnoticias.com.mx\/Portal\/wp-json\/wp\/v2\/categories?post=239027"},{"taxonomy":"post_tag","embeddable":true,"href":"https:\/\/rnoticias.com.mx\/Portal\/wp-json\/wp\/v2\/tags?post=239027"}],"curies":[{"name":"wp","href":"https:\/\/api.w.org\/{rel}","templated":true}]}}