{"id":239024,"date":"2025-12-19T09:08:07","date_gmt":"2025-12-19T16:08:07","guid":{"rendered":"https:\/\/rnoticias.com.mx\/Portal\/?p=239024"},"modified":"2025-12-19T09:08:07","modified_gmt":"2025-12-19T16:08:07","slug":"aprueba-gobierno-de-hermosillo-estimulo-fiscal-por-inclusion-laboral","status":"publish","type":"post","link":"https:\/\/rnoticias.com.mx\/Portal\/2025\/12\/19\/aprueba-gobierno-de-hermosillo-estimulo-fiscal-por-inclusion-laboral\/","title":{"rendered":"Aprueba Gobierno de Hermosillo est\u00edmulo fiscal por inclusi\u00f3n laboral"},"content":{"rendered":"<p>Hermosillo, Sonora. El Cabildo de Hermosillo aprob\u00f3 un est\u00edmulo fiscal dirigido a empresas que contraten a personas con discapacidad, el cual entrar\u00e1 en vigor a partir de 2026.<\/p>\n<p>&nbsp;<\/p>\n<p>La medida fue impulsada por la regidora Cassandra L\u00f3pez Manzano, integrante de la Comisi\u00f3n de Hacienda, Patrimonio y Cuenta P\u00fablica, y busca fomentar la inclusi\u00f3n laboral desde el \u00e1mbito municipal.<\/p>\n<p>&nbsp;<\/p>\n<p>\u201cEl incentivo consiste en un descuento del 15% en el impuesto predial para las empresas que acrediten que al menos el 10% de su plantilla laboral est\u00e1 integrada por personas con alg\u00fan tipo de discapacidad. De esta manera, una empresa con diez trabajadores podr\u00e1 acceder al beneficio con la contrataci\u00f3n de una persona en esta condici\u00f3n\u201d, detall\u00f3.<\/p>\n<p>&nbsp;<\/p>\n<p>La regidora explic\u00f3 que el tr\u00e1mite ser\u00e1 sencillo y se realizar\u00e1 ante Tesorer\u00eda Municipal, donde se habilitar\u00e1 una ventanilla espec\u00edfica. Para comprobar el cumplimiento del requisito, las empresas deber\u00e1n presentar la credencial de discapacidad emitida por el DIF de los empleados registrados en n\u00f3mina.<\/p>\n<p>&nbsp;<\/p>\n<p>L\u00f3pez Manzano destac\u00f3 que esta iniciativa surge de la necesidad de generar oportunidades para personas con discapacidad que, al concluir su etapa escolar, enfrentan dificultades para anexarse al mercado laboral.<\/p>\n<p>&nbsp;<\/p>\n<p>&nbsp;<\/p>\n<p>&nbsp;<\/p>\n<p>Cifra:<\/p>\n<p>Se estima que en Hermosillo viven alrededor de 40 mil personas con alguna discapacidad.<\/p>\n<p>&nbsp;<\/p>\n","protected":false},"excerpt":{"rendered":"<p>Hermosillo, Sonora. El Cabildo de Hermosillo aprob\u00f3 un est\u00edmulo fiscal dirigido a empresas que contraten a personas con discapacidad, el cual entrar\u00e1 en vigor a partir de 2026. &nbsp; La medida fue impulsada por la regidora Cassandra L\u00f3pez Manzano, integrante de la Comisi\u00f3n de Hacienda, Patrimonio y Cuenta P\u00fablica, y busca fomentar la inclusi\u00f3n laboral [&hellip;]<\/p>\n","protected":false},"author":2,"featured_media":239025,"comment_status":"closed","ping_status":"closed","sticky":false,"template":"","format":"standard","meta":{"footnotes":""},"categories":[12870,178],"tags":[12865,12869],"class_list":["post-239024","post","type-post","status-publish","format-standard","has-post-thumbnail","hentry","category-destacadas","category-local","tag-destacadas","tag-local"],"jetpack_featured_media_url":"https:\/\/rnoticias.com.mx\/Portal\/wp-content\/uploads\/2025\/12\/unnamed-60.jpg","amp_enabled":true,"_links":{"self":[{"href":"https:\/\/rnoticias.com.mx\/Portal\/wp-json\/wp\/v2\/posts\/239024","targetHints":{"allow":["GET"]}}],"collection":[{"href":"https:\/\/rnoticias.com.mx\/Portal\/wp-json\/wp\/v2\/posts"}],"about":[{"href":"https:\/\/rnoticias.com.mx\/Portal\/wp-json\/wp\/v2\/types\/post"}],"author":[{"embeddable":true,"href":"https:\/\/rnoticias.com.mx\/Portal\/wp-json\/wp\/v2\/users\/2"}],"replies":[{"embeddable":true,"href":"https:\/\/rnoticias.com.mx\/Portal\/wp-json\/wp\/v2\/comments?post=239024"}],"version-history":[{"count":1,"href":"https:\/\/rnoticias.com.mx\/Portal\/wp-json\/wp\/v2\/posts\/239024\/revisions"}],"predecessor-version":[{"id":239026,"href":"https:\/\/rnoticias.com.mx\/Portal\/wp-json\/wp\/v2\/posts\/239024\/revisions\/239026"}],"wp:featuredmedia":[{"embeddable":true,"href":"https:\/\/rnoticias.com.mx\/Portal\/wp-json\/wp\/v2\/media\/239025"}],"wp:attachment":[{"href":"https:\/\/rnoticias.com.mx\/Portal\/wp-json\/wp\/v2\/media?parent=239024"}],"wp:term":[{"taxonomy":"category","embeddable":true,"href":"https:\/\/rnoticias.com.mx\/Portal\/wp-json\/wp\/v2\/categories?post=239024"},{"taxonomy":"post_tag","embeddable":true,"href":"https:\/\/rnoticias.com.mx\/Portal\/wp-json\/wp\/v2\/tags?post=239024"}],"curies":[{"name":"wp","href":"https:\/\/api.w.org\/{rel}","templated":true}]}}