{"id":239021,"date":"2025-12-19T08:58:00","date_gmt":"2025-12-19T15:58:00","guid":{"rendered":"https:\/\/rnoticias.com.mx\/Portal\/?p=239021"},"modified":"2025-12-19T08:58:00","modified_gmt":"2025-12-19T15:58:00","slug":"guadalajara-sera-sede-de-la-serie-del-caribe-2026","status":"publish","type":"post","link":"https:\/\/rnoticias.com.mx\/Portal\/2025\/12\/19\/guadalajara-sera-sede-de-la-serie-del-caribe-2026\/","title":{"rendered":"Guadalajara ser\u00e1 sede de la Serie del Caribe 2026"},"content":{"rendered":"<p>Tras los conflictos pol\u00edticos que persisten en Venezuela y ante la imposibilidad de que Puerto Rico, Rep\u00fablica Dominicana y M\u00e9xico acudieran a dicho territorio,\u00a0la Serie del Caribe 2026 cambi\u00f3 de sede de manera oficial. El certamen m\u00e1s importante del beisbol invernal ya no se celebrar\u00e1 en el pa\u00eds sudamericano y ahora tendr\u00e1 como escenario el\u00a0<strong>Estadio Panamericano<\/strong>\u00a0de Zapopan, Jalisco.<\/p>\n<p>En d\u00edas anteriores la Confederaci\u00f3n de Beisbol Profesional del Caribe (CBPC) inform\u00f3 sobre que las ligas miembro de M\u00e9xico, Puerto Rico y Rep\u00fablica Dominicana no se encontraban en capacidad de asistir a la Serie del Caribe, en caso de que se realizara en Venezuela. Ante esto,\u00a0surgi\u00f3 la urgencia de cambiar de sede o el evento no podr\u00eda llevarse a cabo.<\/p>\n<p>Este jueves, y despu\u00e9s de tres d\u00edas de intensas pl\u00e1ticas para definir el nuevo lugar,\u00a0<strong>se oficializ\u00f3 que la competencia caribe\u00f1a se trasladar\u00e1 a la casa de los Charros de Jalisco, tal y como sucedi\u00f3 en 2018<\/strong>. En conferencia de prensa, Salvador Escobar, presidente ejecutivo de la Liga Mexicana del Pac\u00edfico (LMP), asegur\u00f3 que se priorizaron ciertas claves para la elecci\u00f3n de la plaza, siendo la Perla Tapat\u00eda la que cumpl\u00eda con todos los criterios necesarios.<\/p>\n<p>\u201cHemos estado trabajando de forma permanente para poder definir, de los pa\u00edses miembros, qui\u00e9nes estar\u00edamos en condiciones de hacernos cargo de una Serie del Caribe. Se priorizaron dos cosas, primero ver d\u00f3nde est\u00e1n las condiciones \u00f3ptimas dada la premura, y segundo, priorizamos para la afici\u00f3n, que quedara en una sede de los pa\u00edses miembros. Con base en eso, M\u00e9xico levant\u00f3 la mano porque nuestra regi\u00f3n puede albergarlo. Todav\u00eda ayer estuvimos trabajando, hoy por la ma\u00f1ana, y primero se lleg\u00f3 a la resoluci\u00f3n con la Confederaci\u00f3n y con el Comisionado de que la sede se quedara en M\u00e9xico.\u201d<\/p>\n<p>\u201cSe determin\u00f3 hace un momento que la sede se quedara en Guadalajara, en casa de los Charros de Jalisco. Estamos contentos de poderles transmitir esta noticia que ha sido sorpresiva y un poco acelerada, pero ya saben que somos M\u00e9xico, somos grandes anfitriones, y como Liga Mexicana del Pac\u00edfico, estamos muy contentos de que la Confederaci\u00f3n y el resto de los miembros hayan aceptado\u201d, mencion\u00f3 el dirigente.<\/p>\n<p>La Serie del Caribe se realizar\u00e1 del 1 al 7 de febrero y estar\u00e1 conformada por los campeones de las ligas de Rep\u00fablica Dominicana, Panam\u00e1 y Puerto Rico. Ante la negativa por parte de Venezuela de no hacer el viaje a suelo azteca, y para cubrir la vacante, en su lugar M\u00e9xico tendr\u00e1 dos representantes con los equipos A y B, mismos que ser\u00e1n el campe\u00f3n y subcampe\u00f3n de la temporada 2025\/26 de la LMP, as\u00ed lo comunic\u00f3 Alberto Gonz\u00e1lez, director general de los Charros de Jalisco.<\/p>\n<p>\u201cEn esta Serie del Caribe vamos a contar con cinco equipos, los cuales van a ser Rep\u00fablica Dominicana, Puerto Rico, Panam\u00e1, M\u00e9xico A y M\u00e9xico B. Por primera vez, vamos a tener dos equipos mexicanos representados en la competencia. Estos van a ser el campe\u00f3n y subcampe\u00f3n de esta temporada que terminar\u00e1 los \u00faltimos d\u00edas de enero del 2026.\u201d<\/p>\n<p>\u201cEl formato ser\u00e1 el mismo que se utiliz\u00f3 en Mexicali en este a\u00f1o. Primero, se jugar\u00e1 el Round Robin, el cual consiste en que todos jueguen contra todos, despu\u00e9s se llevar\u00e1n a cabo las Semifinales y luego la Final para conocer al campe\u00f3n\u201d, explic\u00f3 Alberto.<\/p>\n<p>Pese a que, en estos momentos,\u00a0<strong>Venezuela se ha negado a participar en la pr\u00f3xima edici\u00f3n de la Serie del Caribe<\/strong>, se afirm\u00f3 que la invitaci\u00f3n queda abierta para que pueda competir en la capital jalisciense y, en caso de que acceda, M\u00e9xico s\u00f3lo estar\u00eda representado por la novena campeona.<\/p>\n<p>\u201cSi reconsiderar\u00e1 y asistiera Venezuela, ellos tienen prioridad. Aceptar\u00edamos que viniera el equipo venezolano y que fu\u00e9ramos los cuatro pa\u00edses oficiales que conforman la Confederaci\u00f3n del Caribe y Panam\u00e1 estar\u00eda como el quinto invitado, eso dejar\u00eda fuera al segundo equipo mexicano. Sin embargo, a d\u00eda de hoy, la realidad es que Venezuela no est\u00e1 aceptando venir.\u201d<\/p>\n<p>\u201cSab\u00edamos que iba a estar complicado para ellos una participaci\u00f3n fuera donde fuera la Serie del Caribe, pero nosotros hemos estado con el canal de comunicaci\u00f3n abierto con ellos. Adem\u00e1s, insistimos en que tenemos que trabajar juntos para la Confederaci\u00f3n y en ese sentido creo que M\u00e9xico se ha caracterizado siempre por eso y esta vez no es ser\u00e1 la excepci\u00f3n\u201d, manifest\u00f3 Gonz\u00e1lez.<\/p>\n","protected":false},"excerpt":{"rendered":"<p>Tras los conflictos pol\u00edticos que persisten en Venezuela y ante la imposibilidad de que Puerto Rico, Rep\u00fablica Dominicana y M\u00e9xico acudieran a dicho territorio,\u00a0la Serie del Caribe 2026 cambi\u00f3 de sede de manera oficial. El certamen m\u00e1s importante del beisbol invernal ya no se celebrar\u00e1 en el pa\u00eds sudamericano y ahora tendr\u00e1 como escenario el\u00a0Estadio [&hellip;]<\/p>\n","protected":false},"author":2,"featured_media":239022,"comment_status":"closed","ping_status":"closed","sticky":false,"template":"","format":"standard","meta":{"footnotes":""},"categories":[188,12870],"tags":[5231,12865],"class_list":["post-239021","post","type-post","status-publish","format-standard","has-post-thumbnail","hentry","category-deportes","category-destacadas","tag-deportes","tag-destacadas"],"jetpack_featured_media_url":"https:\/\/rnoticias.com.mx\/Portal\/wp-content\/uploads\/2025\/12\/confirman-a-guadalajara-como-sede-de-la-serie-del-caribe-2026_8715ee4f-0aea-4d88-9543-f49b6befba75_medialjnredespreviewcrop.webp","amp_enabled":true,"_links":{"self":[{"href":"https:\/\/rnoticias.com.mx\/Portal\/wp-json\/wp\/v2\/posts\/239021","targetHints":{"allow":["GET"]}}],"collection":[{"href":"https:\/\/rnoticias.com.mx\/Portal\/wp-json\/wp\/v2\/posts"}],"about":[{"href":"https:\/\/rnoticias.com.mx\/Portal\/wp-json\/wp\/v2\/types\/post"}],"author":[{"embeddable":true,"href":"https:\/\/rnoticias.com.mx\/Portal\/wp-json\/wp\/v2\/users\/2"}],"replies":[{"embeddable":true,"href":"https:\/\/rnoticias.com.mx\/Portal\/wp-json\/wp\/v2\/comments?post=239021"}],"version-history":[{"count":1,"href":"https:\/\/rnoticias.com.mx\/Portal\/wp-json\/wp\/v2\/posts\/239021\/revisions"}],"predecessor-version":[{"id":239023,"href":"https:\/\/rnoticias.com.mx\/Portal\/wp-json\/wp\/v2\/posts\/239021\/revisions\/239023"}],"wp:featuredmedia":[{"embeddable":true,"href":"https:\/\/rnoticias.com.mx\/Portal\/wp-json\/wp\/v2\/media\/239022"}],"wp:attachment":[{"href":"https:\/\/rnoticias.com.mx\/Portal\/wp-json\/wp\/v2\/media?parent=239021"}],"wp:term":[{"taxonomy":"category","embeddable":true,"href":"https:\/\/rnoticias.com.mx\/Portal\/wp-json\/wp\/v2\/categories?post=239021"},{"taxonomy":"post_tag","embeddable":true,"href":"https:\/\/rnoticias.com.mx\/Portal\/wp-json\/wp\/v2\/tags?post=239021"}],"curies":[{"name":"wp","href":"https:\/\/api.w.org\/{rel}","templated":true}]}}