{"id":239018,"date":"2025-12-19T08:55:38","date_gmt":"2025-12-19T15:55:38","guid":{"rendered":"https:\/\/rnoticias.com.mx\/Portal\/?p=239018"},"modified":"2025-12-19T08:55:38","modified_gmt":"2025-12-19T15:55:38","slug":"instalaran-puntos-de-alcoholimetria-en-hermosillo","status":"publish","type":"post","link":"https:\/\/rnoticias.com.mx\/Portal\/2025\/12\/19\/instalaran-puntos-de-alcoholimetria-en-hermosillo\/","title":{"rendered":"Instalaran puntos de alcoholimetr\u00eda en Hermosillo"},"content":{"rendered":"<p>Hermosillo, Sonora. Con motivo de las celebraciones decembrinas, la Polic\u00eda Municipal de Hermosillo pondr\u00e1 en marcha un operativo especial de alcoholimetr\u00eda a partir del pr\u00f3ximo lunes, con la instalaci\u00f3n de retenes en distintos sectores de la ciudad.<\/p>\n<p>&nbsp;<\/p>\n<p>El comisario Alonso Dur\u00f3n inform\u00f3 que, aunque estas acciones suelen comenzar los jueves, se decidi\u00f3 anticiparlas debido al aumento de posadas, convivios y reuniones familiares propias de la temporada.<\/p>\n<p>&nbsp;<\/p>\n<p>\u201cDurante el fin de semana los operativos se intensifican de jueves a domingo, pero en los d\u00edas posteriores se mantendr\u00e1n de manera continua para reducir incidentes viales\u201d, detall\u00f3.<\/p>\n<p>&nbsp;<\/p>\n<p>Subray\u00f3 adem\u00e1s, que el programa tiene un enfoque preventivo, sin revisiones vehiculares, y solo se interviene cuando se detecta consumo de alcohol.<\/p>\n<p>&nbsp;<\/p>\n<p>Finalmente, exhort\u00f3 a la poblaci\u00f3n a utilizar transporte por aplicaci\u00f3n o designar conductor durante las fiestas decembrinas y A\u00f1o Nuevo.<\/p>\n","protected":false},"excerpt":{"rendered":"<p>Hermosillo, Sonora. Con motivo de las celebraciones decembrinas, la Polic\u00eda Municipal de Hermosillo pondr\u00e1 en marcha un operativo especial de alcoholimetr\u00eda a partir del pr\u00f3ximo lunes, con la instalaci\u00f3n de retenes en distintos sectores de la ciudad. &nbsp; El comisario Alonso Dur\u00f3n inform\u00f3 que, aunque estas acciones suelen comenzar los jueves, se decidi\u00f3 anticiparlas debido [&hellip;]<\/p>\n","protected":false},"author":2,"featured_media":239019,"comment_status":"closed","ping_status":"closed","sticky":false,"template":"","format":"standard","meta":{"footnotes":""},"categories":[12870,178],"tags":[12865,12869],"class_list":["post-239018","post","type-post","status-publish","format-standard","has-post-thumbnail","hentry","category-destacadas","category-local","tag-destacadas","tag-local"],"jetpack_featured_media_url":"https:\/\/rnoticias.com.mx\/Portal\/wp-content\/uploads\/2025\/12\/WhatsApp-Image-2023-12-06-at-9.44.48-AM.jpeg","amp_enabled":true,"_links":{"self":[{"href":"https:\/\/rnoticias.com.mx\/Portal\/wp-json\/wp\/v2\/posts\/239018","targetHints":{"allow":["GET"]}}],"collection":[{"href":"https:\/\/rnoticias.com.mx\/Portal\/wp-json\/wp\/v2\/posts"}],"about":[{"href":"https:\/\/rnoticias.com.mx\/Portal\/wp-json\/wp\/v2\/types\/post"}],"author":[{"embeddable":true,"href":"https:\/\/rnoticias.com.mx\/Portal\/wp-json\/wp\/v2\/users\/2"}],"replies":[{"embeddable":true,"href":"https:\/\/rnoticias.com.mx\/Portal\/wp-json\/wp\/v2\/comments?post=239018"}],"version-history":[{"count":1,"href":"https:\/\/rnoticias.com.mx\/Portal\/wp-json\/wp\/v2\/posts\/239018\/revisions"}],"predecessor-version":[{"id":239020,"href":"https:\/\/rnoticias.com.mx\/Portal\/wp-json\/wp\/v2\/posts\/239018\/revisions\/239020"}],"wp:featuredmedia":[{"embeddable":true,"href":"https:\/\/rnoticias.com.mx\/Portal\/wp-json\/wp\/v2\/media\/239019"}],"wp:attachment":[{"href":"https:\/\/rnoticias.com.mx\/Portal\/wp-json\/wp\/v2\/media?parent=239018"}],"wp:term":[{"taxonomy":"category","embeddable":true,"href":"https:\/\/rnoticias.com.mx\/Portal\/wp-json\/wp\/v2\/categories?post=239018"},{"taxonomy":"post_tag","embeddable":true,"href":"https:\/\/rnoticias.com.mx\/Portal\/wp-json\/wp\/v2\/tags?post=239018"}],"curies":[{"name":"wp","href":"https:\/\/api.w.org\/{rel}","templated":true}]}}