{"id":239015,"date":"2025-12-19T08:51:57","date_gmt":"2025-12-19T15:51:57","guid":{"rendered":"https:\/\/rnoticias.com.mx\/Portal\/?p=239015"},"modified":"2025-12-19T08:51:57","modified_gmt":"2025-12-19T15:51:57","slug":"museo-regional-de-sonora-honra-el-legado-ritual-de-las-mujeres-indigenas","status":"publish","type":"post","link":"https:\/\/rnoticias.com.mx\/Portal\/2025\/12\/19\/museo-regional-de-sonora-honra-el-legado-ritual-de-las-mujeres-indigenas\/","title":{"rendered":"Museo Regional de Sonora honra el legado ritual de las mujeres ind\u00edgenas"},"content":{"rendered":"<article class=\"text-token-text-primary w-full focus:outline-none [--shadow-height:45px] has-data-writing-block:pointer-events-none has-data-writing-block:-mt-(--shadow-height) has-data-writing-block:pt-(--shadow-height) [&amp;:has([data-writing-block])&gt;*]:pointer-events-auto scroll-mt-[calc(var(--header-height)+min(200px,max(70px,20svh)))]\" dir=\"auto\" tabindex=\"-1\" data-turn-id=\"request-WEB:27950ed8-4716-4745-83f5-65e890ceec62-15\" data-testid=\"conversation-turn-6\" data-scroll-anchor=\"false\" data-turn=\"assistant\">\n<div class=\"text-base my-auto mx-auto [--thread-content-margin:--spacing(4)] @w-sm\/main:[--thread-content-margin:--spacing(6)] @w-lg\/main:[--thread-content-margin:--spacing(16)] px-(--thread-content-margin)\">\n<div class=\"[--thread-content-max-width:40rem] @w-lg\/main:[--thread-content-max-width:48rem] mx-auto max-w-(--thread-content-max-width) flex-1 group\/turn-messages focus-visible:outline-hidden relative flex w-full min-w-0 flex-col agent-turn\" tabindex=\"-1\">\n<div class=\"flex max-w-full flex-col grow\">\n<div class=\"min-h-8 text-message relative flex w-full flex-col items-end gap-2 text-start break-words whitespace-normal [.text-message+&amp;]:mt-1\" dir=\"auto\" data-message-author-role=\"assistant\" data-message-id=\"7e6a97bc-22aa-40c8-89e3-ac5941b74bce\" data-message-model-slug=\"gpt-5-2\">\n<div class=\"flex w-full flex-col gap-1 empty:hidden first:pt-[1px]\">\n<div class=\"markdown prose dark:prose-invert w-full break-words dark markdown-new-styling\">\n<p data-start=\"78\" data-end=\"475\">En el marco del 40 aniversario del Museo Regional de Sonora y del A\u00f1o de la Mujer Ind\u00edgena, el Instituto Nacional de Antropolog\u00eda e Historia (INAH) inaugurar\u00e1 la exposici\u00f3n <em data-start=\"251\" data-end=\"338\">Entre cantos, sangre y tierra. Mujeres originarias de los pueblos ind\u00edgenas de Sonora<\/em>, el viernes 19 de diciembre de 2025, a las 11:00 horas, en las instalaciones del recinto ubicado en la Antigua Penitenciar\u00eda del Estado.<\/p>\n<p data-start=\"477\" data-end=\"906\">La muestra re\u00fane infograf\u00edas, fotograf\u00edas y piezas etnogr\u00e1ficas y arqueol\u00f3gicas que resaltan el papel fundamental de las mujeres dentro de las ceremonias y la vida comunitaria de pueblos originarios del noroeste de M\u00e9xico, como los comca\u2019ac, yoreme y yoeme. A trav\u00e9s de tres salas, se presentan escenas de contextos funerarios, rituales vigentes como la fiesta de la pubertad y la participaci\u00f3n de cantoras yaquis, mayos y pimas.<\/p>\n<p data-start=\"908\" data-end=\"1296\">La directora del museo, Martha Olivia Sol\u00eds Zatara\u00edn, destac\u00f3 que esta exposici\u00f3n busca ir m\u00e1s all\u00e1 de la divulgaci\u00f3n cultural para reconocer la dimensi\u00f3n ritual y simb\u00f3lica de las mujeres ind\u00edgenas, tanto en el pasado como en el presente. El guion curatorial estuvo a cargo de especialistas del Centro INAH Sonora y cont\u00f3 con la participaci\u00f3n directa de mujeres comca\u2019ac de Punta Chueca.<\/p>\n<p data-start=\"1298\" data-end=\"1428\" data-is-last-node=\"\" data-is-only-node=\"\">La exposici\u00f3n permanecer\u00e1 abierta al p\u00fablico hasta abril de 2026. Para m\u00e1s informaci\u00f3n, se puede escribir a <a class=\"decorated-link cursor-pointer\" rel=\"noopener\" data-start=\"1406\" data-end=\"1427\">museo.son@inah.gob.mx<\/a>.<\/p>\n<\/div>\n<\/div>\n<\/div>\n<\/div>\n<div class=\"z-0 flex min-h-[46px] justify-start\"><\/div>\n<\/div>\n<\/div>\n<\/article>\n","protected":false},"excerpt":{"rendered":"<p>En el marco del 40 aniversario del Museo Regional de Sonora y del A\u00f1o de la Mujer Ind\u00edgena, el Instituto Nacional de Antropolog\u00eda e Historia (INAH) inaugurar\u00e1 la exposici\u00f3n Entre cantos, sangre y tierra. Mujeres originarias de los pueblos ind\u00edgenas de Sonora, el viernes 19 de diciembre de 2025, a las 11:00 horas, en las [&hellip;]<\/p>\n","protected":false},"author":2,"featured_media":239016,"comment_status":"closed","ping_status":"closed","sticky":false,"template":"","format":"standard","meta":{"footnotes":""},"categories":[12870,178],"tags":[12865,12869],"class_list":["post-239015","post","type-post","status-publish","format-standard","has-post-thumbnail","hentry","category-destacadas","category-local","tag-destacadas","tag-local"],"jetpack_featured_media_url":"https:\/\/rnoticias.com.mx\/Portal\/wp-content\/uploads\/2025\/12\/seris.png","amp_enabled":true,"_links":{"self":[{"href":"https:\/\/rnoticias.com.mx\/Portal\/wp-json\/wp\/v2\/posts\/239015","targetHints":{"allow":["GET"]}}],"collection":[{"href":"https:\/\/rnoticias.com.mx\/Portal\/wp-json\/wp\/v2\/posts"}],"about":[{"href":"https:\/\/rnoticias.com.mx\/Portal\/wp-json\/wp\/v2\/types\/post"}],"author":[{"embeddable":true,"href":"https:\/\/rnoticias.com.mx\/Portal\/wp-json\/wp\/v2\/users\/2"}],"replies":[{"embeddable":true,"href":"https:\/\/rnoticias.com.mx\/Portal\/wp-json\/wp\/v2\/comments?post=239015"}],"version-history":[{"count":1,"href":"https:\/\/rnoticias.com.mx\/Portal\/wp-json\/wp\/v2\/posts\/239015\/revisions"}],"predecessor-version":[{"id":239017,"href":"https:\/\/rnoticias.com.mx\/Portal\/wp-json\/wp\/v2\/posts\/239015\/revisions\/239017"}],"wp:featuredmedia":[{"embeddable":true,"href":"https:\/\/rnoticias.com.mx\/Portal\/wp-json\/wp\/v2\/media\/239016"}],"wp:attachment":[{"href":"https:\/\/rnoticias.com.mx\/Portal\/wp-json\/wp\/v2\/media?parent=239015"}],"wp:term":[{"taxonomy":"category","embeddable":true,"href":"https:\/\/rnoticias.com.mx\/Portal\/wp-json\/wp\/v2\/categories?post=239015"},{"taxonomy":"post_tag","embeddable":true,"href":"https:\/\/rnoticias.com.mx\/Portal\/wp-json\/wp\/v2\/tags?post=239015"}],"curies":[{"name":"wp","href":"https:\/\/api.w.org\/{rel}","templated":true}]}}