{"id":239001,"date":"2025-12-18T14:11:47","date_gmt":"2025-12-18T21:11:47","guid":{"rendered":"https:\/\/rnoticias.com.mx\/Portal\/?p=239001"},"modified":"2025-12-18T14:11:47","modified_gmt":"2025-12-18T21:11:47","slug":"alerta-condusef-sonora-por-incremento-de-fraudes-y-cargos-no-autorizados-en-enero","status":"publish","type":"post","link":"https:\/\/rnoticias.com.mx\/Portal\/2025\/12\/18\/alerta-condusef-sonora-por-incremento-de-fraudes-y-cargos-no-autorizados-en-enero\/","title":{"rendered":"Alerta Condusef Sonora por incremento de fraudes y cargos no autorizados en enero"},"content":{"rendered":"<p>Hermosillo, Sonora. Luego del aumento en las compras durante diciembre, enero registra un repunte en las reclamaciones por cargos no reconocidos ante instituciones financieras, se\u00f1al\u00f3 la Comisi\u00f3n Nacional para la Protecci\u00f3n y Defensa de los Usuarios de Servicios Financieros (Condusef) en Sonora.<\/p>\n<p>&nbsp;<\/p>\n<p>Mar\u00eda Fernanda Tapia D\u00edaz, titular de la Unidad de Atenci\u00f3n a Usuarios Norte 1, inform\u00f3 que este tipo de casos se presenta principalmente tras operaciones realizadas en l\u00ednea.<\/p>\n<p>&nbsp;<\/p>\n<p>\u201cEl alto volumen de transacciones incrementa el riesgo de fraudes, por lo que recomendamo a los usuarios revisar de forma constante sus estados de cuenta y reportar de inmediato cualquier irregularidad a su banco\u201d, precis\u00f3,<\/p>\n<p>&nbsp;<\/p>\n<p>Detall\u00f3 que durante 2024, el 41.2 por ciento de las quejas atendidas estuvieron relacionadas con cargos no autorizados. A\u00f1adi\u00f3 que las instituciones financieras cuentan con hasta 45 d\u00edas h\u00e1biles para emitir una respuesta y, en caso de no ser favorable, los usuarios pueden acudir a la Condusef.<\/p>\n<p>&nbsp;<\/p>\n<p>Como medida preventiva, exhort\u00f3 a verificar que los sitios web cuenten con protocolos de seguridad, evitar enlaces enviados por mensajes y conservar comprobantes de pago para aclaraciones futuras.<\/p>\n","protected":false},"excerpt":{"rendered":"<p>Hermosillo, Sonora. Luego del aumento en las compras durante diciembre, enero registra un repunte en las reclamaciones por cargos no reconocidos ante instituciones financieras, se\u00f1al\u00f3 la Comisi\u00f3n Nacional para la Protecci\u00f3n y Defensa de los Usuarios de Servicios Financieros (Condusef) en Sonora. &nbsp; Mar\u00eda Fernanda Tapia D\u00edaz, titular de la Unidad de Atenci\u00f3n a Usuarios [&hellip;]<\/p>\n","protected":false},"author":2,"featured_media":239002,"comment_status":"closed","ping_status":"closed","sticky":false,"template":"","format":"standard","meta":{"footnotes":""},"categories":[12870,178],"tags":[12865,12869],"class_list":["post-239001","post","type-post","status-publish","format-standard","has-post-thumbnail","hentry","category-destacadas","category-local","tag-destacadas","tag-local"],"jetpack_featured_media_url":"https:\/\/rnoticias.com.mx\/Portal\/wp-content\/uploads\/2025\/12\/condusef.jpg","amp_enabled":true,"_links":{"self":[{"href":"https:\/\/rnoticias.com.mx\/Portal\/wp-json\/wp\/v2\/posts\/239001","targetHints":{"allow":["GET"]}}],"collection":[{"href":"https:\/\/rnoticias.com.mx\/Portal\/wp-json\/wp\/v2\/posts"}],"about":[{"href":"https:\/\/rnoticias.com.mx\/Portal\/wp-json\/wp\/v2\/types\/post"}],"author":[{"embeddable":true,"href":"https:\/\/rnoticias.com.mx\/Portal\/wp-json\/wp\/v2\/users\/2"}],"replies":[{"embeddable":true,"href":"https:\/\/rnoticias.com.mx\/Portal\/wp-json\/wp\/v2\/comments?post=239001"}],"version-history":[{"count":1,"href":"https:\/\/rnoticias.com.mx\/Portal\/wp-json\/wp\/v2\/posts\/239001\/revisions"}],"predecessor-version":[{"id":239003,"href":"https:\/\/rnoticias.com.mx\/Portal\/wp-json\/wp\/v2\/posts\/239001\/revisions\/239003"}],"wp:featuredmedia":[{"embeddable":true,"href":"https:\/\/rnoticias.com.mx\/Portal\/wp-json\/wp\/v2\/media\/239002"}],"wp:attachment":[{"href":"https:\/\/rnoticias.com.mx\/Portal\/wp-json\/wp\/v2\/media?parent=239001"}],"wp:term":[{"taxonomy":"category","embeddable":true,"href":"https:\/\/rnoticias.com.mx\/Portal\/wp-json\/wp\/v2\/categories?post=239001"},{"taxonomy":"post_tag","embeddable":true,"href":"https:\/\/rnoticias.com.mx\/Portal\/wp-json\/wp\/v2\/tags?post=239001"}],"curies":[{"name":"wp","href":"https:\/\/api.w.org\/{rel}","templated":true}]}}