{"id":238998,"date":"2025-12-18T14:10:15","date_gmt":"2025-12-18T21:10:15","guid":{"rendered":"https:\/\/rnoticias.com.mx\/Portal\/?p=238998"},"modified":"2025-12-18T14:10:15","modified_gmt":"2025-12-18T21:10:15","slug":"preven-edificar-10-mil-casas-en-sonora-para-atender-rezago-habitacional","status":"publish","type":"post","link":"https:\/\/rnoticias.com.mx\/Portal\/2025\/12\/18\/preven-edificar-10-mil-casas-en-sonora-para-atender-rezago-habitacional\/","title":{"rendered":"Prev\u00e9n edificar 10 mil casas en Sonora para atender rezago habitacional"},"content":{"rendered":"<p>Hermosillo, Sonora. Sonora contempla la construcci\u00f3n de al menos 10 mil viviendas durante 2026 como parte de una estrategia para reducir el rezago habitacional y apoyar a familias de bajos ingresos en distintos municipios del estado, inform\u00f3 el secretario de Bienestar, Fernando Rojo de la Vega.<\/p>\n<p>&nbsp;<\/p>\n<p>El funcionario explic\u00f3 que esta meta forma parte del Programa Nacional de Vivienda para el Bienestar, el cual busca superar los avances alcanzados en 2025 y avanzar hacia el objetivo total de 33 mil 800 viviendas proyectadas para la entidad en los pr\u00f3ximos a\u00f1os.<\/p>\n<p>&nbsp;<\/p>\n<p>\u201cEl programa est\u00e1 enfocado en brindar un patrimonio digno y accesible a sectores en situaci\u00f3n de vulnerabilidad, entre ellos j\u00f3venes, mujeres que estudian y trabajan, as\u00ed como familias con ingresos limitados\u201d, detall\u00f3.<\/p>\n<p>&nbsp;<\/p>\n<p>Rojo de la Vega record\u00f3 que Sonora fue el primer estado del pa\u00eds en iniciar la construcci\u00f3n de viviendas bajo este esquema, luego de que en febrero de 2025 el gobernador Alfonso Durazo y la presidenta Claudia Sheinbaum pusieran en marcha el programa en Ciudad Obreg\u00f3n.<\/p>\n<p>&nbsp;<\/p>\n","protected":false},"excerpt":{"rendered":"<p>Hermosillo, Sonora. Sonora contempla la construcci\u00f3n de al menos 10 mil viviendas durante 2026 como parte de una estrategia para reducir el rezago habitacional y apoyar a familias de bajos ingresos en distintos municipios del estado, inform\u00f3 el secretario de Bienestar, Fernando Rojo de la Vega. &nbsp; El funcionario explic\u00f3 que esta meta forma parte [&hellip;]<\/p>\n","protected":false},"author":2,"featured_media":238999,"comment_status":"closed","ping_status":"closed","sticky":false,"template":"","format":"standard","meta":{"footnotes":""},"categories":[12870,178],"tags":[12865,12869],"class_list":["post-238998","post","type-post","status-publish","format-standard","has-post-thumbnail","hentry","category-destacadas","category-local","tag-destacadas","tag-local"],"jetpack_featured_media_url":"https:\/\/rnoticias.com.mx\/Portal\/wp-content\/uploads\/2025\/12\/0b8eb83c-4f0f-45dd-b44c-37834e8f1bff.webp","amp_enabled":true,"_links":{"self":[{"href":"https:\/\/rnoticias.com.mx\/Portal\/wp-json\/wp\/v2\/posts\/238998","targetHints":{"allow":["GET"]}}],"collection":[{"href":"https:\/\/rnoticias.com.mx\/Portal\/wp-json\/wp\/v2\/posts"}],"about":[{"href":"https:\/\/rnoticias.com.mx\/Portal\/wp-json\/wp\/v2\/types\/post"}],"author":[{"embeddable":true,"href":"https:\/\/rnoticias.com.mx\/Portal\/wp-json\/wp\/v2\/users\/2"}],"replies":[{"embeddable":true,"href":"https:\/\/rnoticias.com.mx\/Portal\/wp-json\/wp\/v2\/comments?post=238998"}],"version-history":[{"count":1,"href":"https:\/\/rnoticias.com.mx\/Portal\/wp-json\/wp\/v2\/posts\/238998\/revisions"}],"predecessor-version":[{"id":239000,"href":"https:\/\/rnoticias.com.mx\/Portal\/wp-json\/wp\/v2\/posts\/238998\/revisions\/239000"}],"wp:featuredmedia":[{"embeddable":true,"href":"https:\/\/rnoticias.com.mx\/Portal\/wp-json\/wp\/v2\/media\/238999"}],"wp:attachment":[{"href":"https:\/\/rnoticias.com.mx\/Portal\/wp-json\/wp\/v2\/media?parent=238998"}],"wp:term":[{"taxonomy":"category","embeddable":true,"href":"https:\/\/rnoticias.com.mx\/Portal\/wp-json\/wp\/v2\/categories?post=238998"},{"taxonomy":"post_tag","embeddable":true,"href":"https:\/\/rnoticias.com.mx\/Portal\/wp-json\/wp\/v2\/tags?post=238998"}],"curies":[{"name":"wp","href":"https:\/\/api.w.org\/{rel}","templated":true}]}}