{"id":238947,"date":"2025-12-18T10:24:31","date_gmt":"2025-12-18T17:24:31","guid":{"rendered":"https:\/\/rnoticias.com.mx\/Portal\/?p=238947"},"modified":"2025-12-18T10:24:31","modified_gmt":"2025-12-18T17:24:31","slug":"norona-presume-tarjeta-del-bienestar-y-desata-criticas-en-redes","status":"publish","type":"post","link":"https:\/\/rnoticias.com.mx\/Portal\/2025\/12\/18\/norona-presume-tarjeta-del-bienestar-y-desata-criticas-en-redes\/","title":{"rendered":"Noro\u00f1a presume Tarjeta del Bienestar y desata cr\u00edticas en redes"},"content":{"rendered":"<p>El senador de\u00a0<strong>Morena, Gerardo Fern\u00e1ndez Noro\u00f1a<\/strong>, volvi\u00f3 a generar pol\u00e9mica luego de que presumiera en redes sociales que ya cuenta con la\u00a0<strong>Tarjeta del Bienestar<\/strong>, con la cual recibir\u00e1 la\u00a0<strong>pensi\u00f3n para adultos mayores<\/strong>\u00a0de\u00a0<strong>6 mil 200 pesos bimestrales<\/strong>\u00a0otorgada por el Gobierno federal.<\/p>\n<p>El legislador comparti\u00f3 una fotograf\u00eda de la mica acompa\u00f1ada del mensaje\u00a0<strong><em>\u201cFeliz Feliciano, ya me lleg\u00f3 mi tarjeta del bienestar\u201d<\/em><\/strong>, lo que provoc\u00f3 una ola de reacciones y cr\u00edticas por parte de usuarios en plataformas digitales.<\/p>\n<p>Entre los se\u00f1alamientos m\u00e1s recurrentes destacaron calificativos como\u00a0<strong>\u201c<em>c\u00ednico<\/em>\u201d<\/strong>\u00a0y cuestionamientos sobre si el apoyo deber\u00eda destinarse a\u00a0<strong>personas realmente necesitadas<\/strong>, dado que el ex presidente del Senado percibe una\u00a0<strong>dieta mensual cercana a los 131 mil pesos<\/strong>.<\/p>\n<p>La controversia se suma a otros episodios protagonizados por Fern\u00e1ndez Noro\u00f1a, como su viaje a\u00a0<strong>Francia en Business Class<\/strong>\u00a0y la compra de una\u00a0<strong>propiedad residencial en Tepoztl\u00e1n, Morelos<\/strong>, hechos que tambi\u00e9n generaron debate p\u00fablico.<\/p>\n<p>Ante las cr\u00edticas, el senador ha argumentado que la vivienda fue adquirida mediante un\u00a0<strong>cr\u00e9dito hipotecario<\/strong>\u00a0y que el acceso a la\u00a0<strong>pensi\u00f3n del Bienestar<\/strong>\u00a0es un\u00a0<strong>derecho constitucional<\/strong>\u00a0al haber cumplido\u00a0<strong>65 a\u00f1os<\/strong>, independientemente de su cargo o nivel de ingresos.<\/p>\n","protected":false},"excerpt":{"rendered":"<p>El senador de\u00a0Morena, Gerardo Fern\u00e1ndez Noro\u00f1a, volvi\u00f3 a generar pol\u00e9mica luego de que presumiera en redes sociales que ya cuenta con la\u00a0Tarjeta del Bienestar, con la cual recibir\u00e1 la\u00a0pensi\u00f3n para adultos mayores\u00a0de\u00a06 mil 200 pesos bimestrales\u00a0otorgada por el Gobierno federal. El legislador comparti\u00f3 una fotograf\u00eda de la mica acompa\u00f1ada del mensaje\u00a0\u201cFeliz Feliciano, ya me lleg\u00f3 [&hellip;]<\/p>\n","protected":false},"author":2,"featured_media":238948,"comment_status":"closed","ping_status":"closed","sticky":false,"template":"","format":"standard","meta":{"footnotes":""},"categories":[12870,12868],"tags":[12865,12879],"class_list":["post-238947","post","type-post","status-publish","format-standard","has-post-thumbnail","hentry","category-destacadas","category-politica","tag-destacadas","tag-politica"],"jetpack_featured_media_url":"https:\/\/rnoticias.com.mx\/Portal\/wp-content\/uploads\/2025\/12\/NORONA.webp","amp_enabled":true,"_links":{"self":[{"href":"https:\/\/rnoticias.com.mx\/Portal\/wp-json\/wp\/v2\/posts\/238947","targetHints":{"allow":["GET"]}}],"collection":[{"href":"https:\/\/rnoticias.com.mx\/Portal\/wp-json\/wp\/v2\/posts"}],"about":[{"href":"https:\/\/rnoticias.com.mx\/Portal\/wp-json\/wp\/v2\/types\/post"}],"author":[{"embeddable":true,"href":"https:\/\/rnoticias.com.mx\/Portal\/wp-json\/wp\/v2\/users\/2"}],"replies":[{"embeddable":true,"href":"https:\/\/rnoticias.com.mx\/Portal\/wp-json\/wp\/v2\/comments?post=238947"}],"version-history":[{"count":1,"href":"https:\/\/rnoticias.com.mx\/Portal\/wp-json\/wp\/v2\/posts\/238947\/revisions"}],"predecessor-version":[{"id":238949,"href":"https:\/\/rnoticias.com.mx\/Portal\/wp-json\/wp\/v2\/posts\/238947\/revisions\/238949"}],"wp:featuredmedia":[{"embeddable":true,"href":"https:\/\/rnoticias.com.mx\/Portal\/wp-json\/wp\/v2\/media\/238948"}],"wp:attachment":[{"href":"https:\/\/rnoticias.com.mx\/Portal\/wp-json\/wp\/v2\/media?parent=238947"}],"wp:term":[{"taxonomy":"category","embeddable":true,"href":"https:\/\/rnoticias.com.mx\/Portal\/wp-json\/wp\/v2\/categories?post=238947"},{"taxonomy":"post_tag","embeddable":true,"href":"https:\/\/rnoticias.com.mx\/Portal\/wp-json\/wp\/v2\/tags?post=238947"}],"curies":[{"name":"wp","href":"https:\/\/api.w.org\/{rel}","templated":true}]}}