{"id":238944,"date":"2025-12-18T10:23:01","date_gmt":"2025-12-18T17:23:01","guid":{"rendered":"https:\/\/rnoticias.com.mx\/Portal\/?p=238944"},"modified":"2025-12-18T10:23:01","modified_gmt":"2025-12-18T17:23:01","slug":"crecen-rumores-de-preparativos-militares-de-estados-unidos-contra-venezuela","status":"publish","type":"post","link":"https:\/\/rnoticias.com.mx\/Portal\/2025\/12\/18\/crecen-rumores-de-preparativos-militares-de-estados-unidos-contra-venezuela\/","title":{"rendered":"Crecen rumores de preparativos militares de Estados Unidos contra Venezuela"},"content":{"rendered":"<p>Las tensiones entre\u00a0<strong>Estados Unidos y Venezuela<\/strong>\u00a0vuelven a colocarse en el centro del debate internacional luego de que el presidente\u00a0<strong>Donald Trump<\/strong>\u00a0reconociera p\u00fablicamente que el\u00a0<strong>bloqueo naval estadounidense<\/strong>\u00a0contra el pa\u00eds sudamericano tiene como objetivo\u00a0<strong>recuperar el control del petr\u00f3leo venezolano<\/strong>, en medio de crecientes rumores en Washington sobre\u00a0<strong>posibles preparativos b\u00e9licos<\/strong>\u00a0para derrocar al gobierno de\u00a0<strong>Nicol\u00e1s Maduro<\/strong>.<\/p>\n<p>Durante declaraciones a periodistas, Trump asegur\u00f3 que Venezuela \u201cles quit\u00f3\u201d a Estados Unidos derechos energ\u00e9ticos estrat\u00e9gicos, al tiempo que reiter\u00f3 su intenci\u00f3n de recuperarlos.<br \/>\n\u201cTomaron todo nuestro petr\u00f3leo no hace tanto y lo queremos de regreso\u201d, afirm\u00f3 el mandatario, quien insisti\u00f3 en que su administraci\u00f3n busca recuperar \u201ctierra, derechos de petr\u00f3leo y todo lo que ten\u00edamos\u201d en territorio venezolano.<\/p>\n<h3 class=\"wp-block-heading\">El petr\u00f3leo, eje del conflicto<\/h3>\n<p>Las declaraciones del presidente estadounidense reavivaron la pol\u00e9mica sobre el trasfondo econ\u00f3mico de la presi\u00f3n contra Caracas. Aunque Trump no ofreci\u00f3 precisiones, analistas consideran que se refiere a la\u00a0<strong>confiscaci\u00f3n y nacionalizaci\u00f3n de activos de empresas estadounidenses<\/strong>\u00a0durante los gobiernos de\u00a0<strong>Hugo Ch\u00e1vez<\/strong>\u00a0y\u00a0<strong><a title=\"\" href=\"https:\/\/es.wikipedia.org\/wiki\/Nicol%C3%A1s_Maduro\">Nicol\u00e1s Maduro<\/a><\/strong>, cuando el Estado venezolano exigi\u00f3 participaci\u00f3n mayoritaria en los proyectos petroleros.<\/p>\n<p>Sin embargo, reportes del medio pol\u00edtico\u00a0se\u00f1alan que\u00a0<strong>las grandes petroleras estadounidenses no muestran inter\u00e9s en regresar a Venezuela<\/strong>, incluso en el escenario de un eventual cambio de gobierno. De acuerdo con el reporte, la administraci\u00f3n Trump consult\u00f3 a empresas del sector sobre una posible reactivaci\u00f3n de operaciones en el pa\u00eds sudamericano, recibiendo hasta ahora una negativa generalizada.<\/p>\n<h3 class=\"wp-block-heading\">Presencia naval sin precedentes en el Caribe<\/h3>\n<p>Pese a la falta de claridad oficial sobre un plan militar,\u00a0<strong>la acumulaci\u00f3n de fuerzas estadounidenses en el Caribe ha encendido las alarmas<\/strong>. Dan Restrepo, exdirector para Am\u00e9rica Latina del Consejo de Seguridad Nacional durante el gobierno de Barack Obama, advirti\u00f3 que actualmente\u00a0<strong>cerca de un tercio de los activos navales de Estados Unidos<\/strong>\u00a0se encuentran desplegados en la regi\u00f3n.<\/p>\n<p>\u201cEs una concentraci\u00f3n sin precedentes en mucho tiempo\u201d, explic\u00f3 Restrepo durante un foro del\u00a0<em>Center for American Progress<\/em>\u00a0en Washington. Seg\u00fan el exfuncionario, la estrategia aparente consiste en\u00a0<strong>incrementar la presi\u00f3n militar sin una invasi\u00f3n directa<\/strong>, con la expectativa de que sectores internos del r\u00e9gimen venezolano provoquen la salida de Maduro.<\/p>\n<h3 class=\"wp-block-heading\">Comparaciones con Irak y l\u00edmites militares<\/h3>\n<p>En el mismo foro,\u00a0<strong>Frank Kendall<\/strong>, exsecretario de la Fuerza A\u00e9rea durante la administraci\u00f3n de Joe Biden, compar\u00f3 la actual escalada con los\u00a0<strong>preparativos previos a la invasi\u00f3n de Irak<\/strong>, aunque aclar\u00f3 que\u00a0<strong>no existen tropas suficientes para una incursi\u00f3n terrestre a gran escala<\/strong>.<\/p>\n<p>No obstante, Kendall subray\u00f3 que Estados Unidos cuenta con una\u00a0<strong>capacidad abrumadora para dominar el aire y el mar<\/strong>, lo que permitir\u00eda respaldar operaciones militares indirectas o un eventual intento de derrocamiento del gobierno venezolano.<\/p>\n<h3 class=\"wp-block-heading\">Congreso frena \u2014por ahora\u2014 una acci\u00f3n militar<\/h3>\n<p>El endurecimiento del discurso presidencial provoc\u00f3 inquietud en el Capitolio. Legisladores de la C\u00e1mara de Representantes intentaron impulsar una votaci\u00f3n urgente para\u00a0<strong>bloquear cualquier uso de fuerzas armadas estadounidenses contra Venezuela sin autorizaci\u00f3n del Congreso<\/strong>, pero la iniciativa fue rechazada este mi\u00e9rcoles.<\/p>\n<p>Aunque Trump no mencion\u00f3 a Venezuela en su m\u00e1s reciente mensaje a la naci\u00f3n, la especulaci\u00f3n persiste. El comentarista conservador\u00a0<strong>Tucker Carlson<\/strong>\u00a0afirm\u00f3 que algunos legisladores fueron informados de que el presidente consideraba\u00a0<strong>anunciar una guerra contra Venezuela<\/strong>, versi\u00f3n que no fue confirmada oficialmente.<\/p>\n<p>Por su parte,\u00a0<strong>Susie Wiles<\/strong>, jefa de gabinete de la Casa Blanca, reconoci\u00f3 en declaraciones a\u00a0<em>Vanity Fair<\/em>\u00a0que\u00a0<strong>un conflicto armado abierto requerir\u00eda aprobaci\u00f3n del Congreso<\/strong>, lo que a\u00f1ade un obst\u00e1culo legal a cualquier escalada directa.<\/p>\n<h3 class=\"wp-block-heading\">Presi\u00f3n regional m\u00e1s amplia<\/h3>\n<p>Analistas advierten que Venezuela podr\u00eda no ser el \u00fanico objetivo. Dan Restrepo anticip\u00f3 que la estrategia estadounidense podr\u00eda\u00a0<strong>extenderse a otros pa\u00edses de Am\u00e9rica Latina<\/strong>, particularmente\u00a0<strong>Colombia y M\u00e9xico<\/strong>, en el marco de una pol\u00edtica de seguridad regional m\u00e1s agresiva.<\/p>\n<p>\u201cEl presidente ha mencionado repetidamente ataques similares contra objetivos en Colombia y M\u00e9xico\u201d, afirm\u00f3. Seg\u00fan Restrepo, existe una\u00a0<strong>probabilidad real de acciones militares<\/strong>\u00a0durante el resto del mandato del presidente colombiano Gustavo Petro y posibles\u00a0<strong>operaciones contra c\u00e1rteles en territorio mexicano<\/strong>\u00a0en el pr\u00f3ximo a\u00f1o.<\/p>\n","protected":false},"excerpt":{"rendered":"<p>Las tensiones entre\u00a0Estados Unidos y Venezuela\u00a0vuelven a colocarse en el centro del debate internacional luego de que el presidente\u00a0Donald Trump\u00a0reconociera p\u00fablicamente que el\u00a0bloqueo naval estadounidense\u00a0contra el pa\u00eds sudamericano tiene como objetivo\u00a0recuperar el control del petr\u00f3leo venezolano, en medio de crecientes rumores en Washington sobre\u00a0posibles preparativos b\u00e9licos\u00a0para derrocar al gobierno de\u00a0Nicol\u00e1s Maduro. Durante declaraciones a periodistas, [&hellip;]<\/p>\n","protected":false},"author":2,"featured_media":238945,"comment_status":"closed","ping_status":"closed","sticky":false,"template":"","format":"standard","meta":{"footnotes":""},"categories":[12870,182],"tags":[12865,12871],"class_list":["post-238944","post","type-post","status-publish","format-standard","has-post-thumbnail","hentry","category-destacadas","category-internacional","tag-destacadas","tag-internacional"],"jetpack_featured_media_url":"https:\/\/rnoticias.com.mx\/Portal\/wp-content\/uploads\/2025\/12\/pedro-snchez-durante-una-reunin-internacional-en-c.webp","amp_enabled":true,"_links":{"self":[{"href":"https:\/\/rnoticias.com.mx\/Portal\/wp-json\/wp\/v2\/posts\/238944","targetHints":{"allow":["GET"]}}],"collection":[{"href":"https:\/\/rnoticias.com.mx\/Portal\/wp-json\/wp\/v2\/posts"}],"about":[{"href":"https:\/\/rnoticias.com.mx\/Portal\/wp-json\/wp\/v2\/types\/post"}],"author":[{"embeddable":true,"href":"https:\/\/rnoticias.com.mx\/Portal\/wp-json\/wp\/v2\/users\/2"}],"replies":[{"embeddable":true,"href":"https:\/\/rnoticias.com.mx\/Portal\/wp-json\/wp\/v2\/comments?post=238944"}],"version-history":[{"count":1,"href":"https:\/\/rnoticias.com.mx\/Portal\/wp-json\/wp\/v2\/posts\/238944\/revisions"}],"predecessor-version":[{"id":238946,"href":"https:\/\/rnoticias.com.mx\/Portal\/wp-json\/wp\/v2\/posts\/238944\/revisions\/238946"}],"wp:featuredmedia":[{"embeddable":true,"href":"https:\/\/rnoticias.com.mx\/Portal\/wp-json\/wp\/v2\/media\/238945"}],"wp:attachment":[{"href":"https:\/\/rnoticias.com.mx\/Portal\/wp-json\/wp\/v2\/media?parent=238944"}],"wp:term":[{"taxonomy":"category","embeddable":true,"href":"https:\/\/rnoticias.com.mx\/Portal\/wp-json\/wp\/v2\/categories?post=238944"},{"taxonomy":"post_tag","embeddable":true,"href":"https:\/\/rnoticias.com.mx\/Portal\/wp-json\/wp\/v2\/tags?post=238944"}],"curies":[{"name":"wp","href":"https:\/\/api.w.org\/{rel}","templated":true}]}}