{"id":238938,"date":"2025-12-18T10:20:11","date_gmt":"2025-12-18T17:20:11","guid":{"rendered":"https:\/\/rnoticias.com.mx\/Portal\/?p=238938"},"modified":"2025-12-18T10:20:11","modified_gmt":"2025-12-18T17:20:11","slug":"dorismar-reaparece-tras-cirugia-estetica-que-le-dejo-graves-secuelas-en-el-rostro","status":"publish","type":"post","link":"https:\/\/rnoticias.com.mx\/Portal\/2025\/12\/18\/dorismar-reaparece-tras-cirugia-estetica-que-le-dejo-graves-secuelas-en-el-rostro\/","title":{"rendered":"Dorismar reaparece tras cirug\u00eda est\u00e9tica que le dej\u00f3 graves secuelas en el rostro"},"content":{"rendered":"<p>La actriz y modelo\u00a0<strong><a title=\"\" href=\"https:\/\/es.wikipedia.org\/wiki\/Dorismar\">Dorismar<\/a><\/strong>\u00a0reapareci\u00f3 p\u00fablicamente luego de atravesar uno de los episodios m\u00e1s dif\u00edciles de su vida, tras sufrir\u00a0<strong>complicaciones derivadas de una cirug\u00eda est\u00e9tica en la nariz<\/strong>. A trav\u00e9s de redes sociales, la tambi\u00e9n conductora decidi\u00f3 contar su experiencia, mostrar las secuelas f\u00edsicas y hablar del impacto emocional que vivi\u00f3 durante este proceso.<\/p>\n<p>El\u00a0<strong>16 de diciembre<\/strong>, Dorismar realiz\u00f3 una transmisi\u00f3n en vivo en su cuenta de\u00a0<strong>Instagram<\/strong>, donde apareci\u00f3 con una\u00a0<strong>f\u00e9rula nasal<\/strong>\u00a0y visibles signos del postoperatorio. En el video, explic\u00f3 que durante los \u00faltimos meses se hab\u00eda mantenido alejada del ojo p\u00fablico debido a las consecuencias de una rinoplastia que no tuvo los resultados esperados.<\/p>\n<h3 class=\"wp-block-heading\">\u00bfQu\u00e9 le pas\u00f3 a Dorismar tras la rinoplastia?<\/h3>\n<p>De acuerdo con informaci\u00f3n difundida por la revista\u00a0<em>TVNotas<\/em>, la situaci\u00f3n comenz\u00f3 en\u00a0<strong>2023<\/strong>, cuando Dorismar se someti\u00f3 a un\u00a0<strong>retoque est\u00e9tico en la nariz<\/strong>\u00a0para corregir una ligera asimetr\u00eda en el tabique. El procedimiento se realiz\u00f3 como parte de una colaboraci\u00f3n, ya que la actriz fung\u00eda como imagen de una cl\u00ednica especializada.<\/p>\n<p>Sin embargo, el resultado inicial no fue satisfactorio. Una fuente cercana citada por el medio se\u00f1al\u00f3 que la actriz qued\u00f3 inconforme con el cambio, lo que afect\u00f3 seriamente su estado emocional. En un intento por corregir el problema, Dorismar se someti\u00f3 posteriormente a\u00a0<strong>una segunda y una tercera intervenci\u00f3n quir\u00fargica<\/strong>.<\/p>\n<p>Seg\u00fan la misma versi\u00f3n, durante una de estas cirug\u00edas se le habr\u00eda colocado un\u00a0<strong>implante artificial<\/strong>, el cual provoc\u00f3 una reacci\u00f3n adversa en su organismo. Esto deriv\u00f3 en\u00a0<strong>infecciones, colapso del tabique nasal y dificultades respiratorias<\/strong>, adem\u00e1s de una alteraci\u00f3n visible en su rostro.<\/p>\n<h3 class=\"wp-block-heading\">Impacto emocional y profesional<\/h3>\n<p>M\u00e1s all\u00e1 de las secuelas f\u00edsicas, Dorismar enfrent\u00f3\u00a0<strong>episodios de depresi\u00f3n y angustia<\/strong>, al ver afectada su imagen, un elemento que ha sido clave en su carrera art\u00edstica durante m\u00e1s de dos d\u00e9cadas. La actriz ha sido una figura constante en la televisi\u00f3n y el entretenimiento, por lo que los cambios en su apariencia representaron un golpe personal y profesional.<\/p>\n<p>Aunque el nombre del m\u00e9dico involucrado ha sido mencionado en distintos espacios de espect\u00e1culos por presuntas malas pr\u00e1cticas,\u00a0<strong>hasta el momento no existen resoluciones oficiales<\/strong>\u00a0que confirmen responsabilidades legales.<\/p>\n<p>Tras este complicado proceso, Dorismar decidi\u00f3 buscar una alternativa fuera de M\u00e9xico y\u00a0<strong>viaj\u00f3 a Bogot\u00e1, Colombia<\/strong>, donde se someti\u00f3 a una\u00a0<strong>cirug\u00eda reconstructiva<\/strong>\u00a0con el doctor\u00a0<strong>Froil\u00e1n P\u00e1ez<\/strong>. En sus recientes publicaciones, la actriz se mostr\u00f3 m\u00e1s tranquila y optimista con los resultados.<\/p>\n<blockquote class=\"wp-block-quote is-layout-flow wp-block-quote-is-layout-flow\"><p>\u201cDespu\u00e9s de haber atravesado una mala praxis, viaj\u00e9 y me encuentro hoy en Colombia, Bogot\u00e1. Me vine a operar con el doctor Froil\u00e1n P\u00e1ez, con quien estoy teniendo muy buenos resultados y me encuentro muy feliz\u201d, expres\u00f3.<\/p><\/blockquote>\n<p>Dorismar explic\u00f3 que se encuentra en los primeros d\u00edas de recuperaci\u00f3n y conf\u00eda en que su evoluci\u00f3n ser\u00e1 positiva.<\/p>\n","protected":false},"excerpt":{"rendered":"<p>La actriz y modelo\u00a0Dorismar\u00a0reapareci\u00f3 p\u00fablicamente luego de atravesar uno de los episodios m\u00e1s dif\u00edciles de su vida, tras sufrir\u00a0complicaciones derivadas de una cirug\u00eda est\u00e9tica en la nariz. A trav\u00e9s de redes sociales, la tambi\u00e9n conductora decidi\u00f3 contar su experiencia, mostrar las secuelas f\u00edsicas y hablar del impacto emocional que vivi\u00f3 durante este proceso. El\u00a016 de [&hellip;]<\/p>\n","protected":false},"author":2,"featured_media":238939,"comment_status":"closed","ping_status":"closed","sticky":false,"template":"","format":"standard","meta":{"footnotes":""},"categories":[12870,219],"tags":[12865,12875],"class_list":["post-238938","post","type-post","status-publish","format-standard","has-post-thumbnail","hentry","category-destacadas","category-espectaculos","tag-destacadas","tag-espectaculos"],"jetpack_featured_media_url":"https:\/\/rnoticias.com.mx\/Portal\/wp-content\/uploads\/2025\/12\/f960x540-748284_822359_5050.jpg","amp_enabled":true,"_links":{"self":[{"href":"https:\/\/rnoticias.com.mx\/Portal\/wp-json\/wp\/v2\/posts\/238938","targetHints":{"allow":["GET"]}}],"collection":[{"href":"https:\/\/rnoticias.com.mx\/Portal\/wp-json\/wp\/v2\/posts"}],"about":[{"href":"https:\/\/rnoticias.com.mx\/Portal\/wp-json\/wp\/v2\/types\/post"}],"author":[{"embeddable":true,"href":"https:\/\/rnoticias.com.mx\/Portal\/wp-json\/wp\/v2\/users\/2"}],"replies":[{"embeddable":true,"href":"https:\/\/rnoticias.com.mx\/Portal\/wp-json\/wp\/v2\/comments?post=238938"}],"version-history":[{"count":1,"href":"https:\/\/rnoticias.com.mx\/Portal\/wp-json\/wp\/v2\/posts\/238938\/revisions"}],"predecessor-version":[{"id":238940,"href":"https:\/\/rnoticias.com.mx\/Portal\/wp-json\/wp\/v2\/posts\/238938\/revisions\/238940"}],"wp:featuredmedia":[{"embeddable":true,"href":"https:\/\/rnoticias.com.mx\/Portal\/wp-json\/wp\/v2\/media\/238939"}],"wp:attachment":[{"href":"https:\/\/rnoticias.com.mx\/Portal\/wp-json\/wp\/v2\/media?parent=238938"}],"wp:term":[{"taxonomy":"category","embeddable":true,"href":"https:\/\/rnoticias.com.mx\/Portal\/wp-json\/wp\/v2\/categories?post=238938"},{"taxonomy":"post_tag","embeddable":true,"href":"https:\/\/rnoticias.com.mx\/Portal\/wp-json\/wp\/v2\/tags?post=238938"}],"curies":[{"name":"wp","href":"https:\/\/api.w.org\/{rel}","templated":true}]}}