{"id":238914,"date":"2025-12-18T09:04:33","date_gmt":"2025-12-18T16:04:33","guid":{"rendered":"https:\/\/rnoticias.com.mx\/Portal\/?p=238914"},"modified":"2025-12-18T09:04:33","modified_gmt":"2025-12-18T16:04:33","slug":"programa-h-bus-entra-en-receso-a-partir-del-22-de-diciembre-por-periodo-vacacional","status":"publish","type":"post","link":"https:\/\/rnoticias.com.mx\/Portal\/2025\/12\/18\/programa-h-bus-entra-en-receso-a-partir-del-22-de-diciembre-por-periodo-vacacional\/","title":{"rendered":"Programa H Bus entra en receso a partir del 22 de diciembre por periodo vacacional"},"content":{"rendered":"<p>Hermosillo, Sonora, 18 de diciembre, 2025.- Por periodo vacacional decembrino de las y los estudiantes universitarios, el programa H Bus tendr\u00e1 un receso a partir del lunes 22 de diciembre del total de las unidades el\u00e9ctricas que prestan el servicio gratuito, inform\u00f3 Carla Neudert C\u00f3rdova.<\/p>\n<p>La directora de la Agencia Municipal de Energ\u00eda y Cambio Clim\u00e1tico explic\u00f3 que los m\u00e1s de 2 mil usuarios estar\u00e1n en vacaciones por lo cual todas las rutas suspender\u00e1n el servicio.<\/p>\n<p>Precis\u00f3 que retoman labores a partir del mi\u00e9rcoles 7 de enero de 2026 con la Ruta 8 que ofrece el servicio a estudiantes de la Universidad Tecnol\u00f3gica de Hermosillo, UTH y las Rutas 1 a la 7 y la 9 se reincorporan a partir del 12 de enero.<\/p>\n<p>Actualmente el HBus opera con diez camiones en ruta y uno emergente con recorridos diarios en 58 viajes a 74 colonias de distintas zonas de la ciudad con destino a los principales centros universitarios, facilitando el traslado seguro y eficiente a las y los estudiantes.<\/p>\n<p>Las y los usuarios beneficiados son de instituciones como Universidad de Sonora, Universidad Estatal de Sonora, Instituto Tecnol\u00f3gico de Hermosillo, la Escuela Normal del Estado de Sonora, entre otras.<\/p>\n","protected":false},"excerpt":{"rendered":"<p>Hermosillo, Sonora, 18 de diciembre, 2025.- Por periodo vacacional decembrino de las y los estudiantes universitarios, el programa H Bus tendr\u00e1 un receso a partir del lunes 22 de diciembre del total de las unidades el\u00e9ctricas que prestan el servicio gratuito, inform\u00f3 Carla Neudert C\u00f3rdova. La directora de la Agencia Municipal de Energ\u00eda y Cambio [&hellip;]<\/p>\n","protected":false},"author":2,"featured_media":238915,"comment_status":"closed","ping_status":"closed","sticky":false,"template":"","format":"standard","meta":{"footnotes":""},"categories":[12870,178],"tags":[12865,12869],"class_list":["post-238914","post","type-post","status-publish","format-standard","has-post-thumbnail","hentry","category-destacadas","category-local","tag-destacadas","tag-local"],"jetpack_featured_media_url":"https:\/\/rnoticias.com.mx\/Portal\/wp-content\/uploads\/2025\/12\/WhatsApp-Image-2025-12-17-at-4.12.03-PM.jpeg","amp_enabled":true,"_links":{"self":[{"href":"https:\/\/rnoticias.com.mx\/Portal\/wp-json\/wp\/v2\/posts\/238914","targetHints":{"allow":["GET"]}}],"collection":[{"href":"https:\/\/rnoticias.com.mx\/Portal\/wp-json\/wp\/v2\/posts"}],"about":[{"href":"https:\/\/rnoticias.com.mx\/Portal\/wp-json\/wp\/v2\/types\/post"}],"author":[{"embeddable":true,"href":"https:\/\/rnoticias.com.mx\/Portal\/wp-json\/wp\/v2\/users\/2"}],"replies":[{"embeddable":true,"href":"https:\/\/rnoticias.com.mx\/Portal\/wp-json\/wp\/v2\/comments?post=238914"}],"version-history":[{"count":1,"href":"https:\/\/rnoticias.com.mx\/Portal\/wp-json\/wp\/v2\/posts\/238914\/revisions"}],"predecessor-version":[{"id":238916,"href":"https:\/\/rnoticias.com.mx\/Portal\/wp-json\/wp\/v2\/posts\/238914\/revisions\/238916"}],"wp:featuredmedia":[{"embeddable":true,"href":"https:\/\/rnoticias.com.mx\/Portal\/wp-json\/wp\/v2\/media\/238915"}],"wp:attachment":[{"href":"https:\/\/rnoticias.com.mx\/Portal\/wp-json\/wp\/v2\/media?parent=238914"}],"wp:term":[{"taxonomy":"category","embeddable":true,"href":"https:\/\/rnoticias.com.mx\/Portal\/wp-json\/wp\/v2\/categories?post=238914"},{"taxonomy":"post_tag","embeddable":true,"href":"https:\/\/rnoticias.com.mx\/Portal\/wp-json\/wp\/v2\/tags?post=238914"}],"curies":[{"name":"wp","href":"https:\/\/api.w.org\/{rel}","templated":true}]}}