{"id":238899,"date":"2025-12-18T08:42:08","date_gmt":"2025-12-18T15:42:08","guid":{"rendered":"https:\/\/rnoticias.com.mx\/Portal\/?p=238899"},"modified":"2025-12-18T08:42:08","modified_gmt":"2025-12-18T15:42:08","slug":"assange-denuncia-a-fundacion-nobel-por-facilitar-crimenes-con-premio-a-machado","status":"publish","type":"post","link":"https:\/\/rnoticias.com.mx\/Portal\/2025\/12\/18\/assange-denuncia-a-fundacion-nobel-por-facilitar-crimenes-con-premio-a-machado\/","title":{"rendered":"Assange denuncia a Fundaci\u00f3n Nobel por facilitar cr\u00edmenes con premio a Machado"},"content":{"rendered":"<p>El fundador de\u00a0<strong>WikiLeaks<\/strong>,\u00a0<strong>Julian Assange<\/strong>, present\u00f3 este mi\u00e9rcoles una denuncia penal en Estocolmo contra la\u00a0<strong>Fundaci\u00f3n Nobel<\/strong>\u00a0por facilitar supuestamente la comisi\u00f3n de cr\u00edmenes de guerra al haber otorgado el Nobel de la Paz a la l\u00edder opositora venezolana\u00a0<strong>Mar\u00eda Corina Machado<\/strong>.<\/p>\n<p>Seg\u00fan un comunicado de la organizaci\u00f3n de Assange, 30 individuos vinculados con la Fundaci\u00f3n han cometido, en concreto, delitos de apropiaci\u00f3n indebida grave de fondos, facilitaci\u00f3n de\u00a0<strong>cr\u00edmenes de guerra<\/strong>\u00a0y cr\u00edmenes de lesa humanidad y de financiaci\u00f3n del crimen de agresi\u00f3n.<\/p>\n<p>Con el galard\u00f3n a Machado, la Fundaci\u00f3n Nobel, incluida la presidenta Astrid S\u00f6derbergh Widding y la directora ejecutiva, Hanna Stj\u00e4rne, han convertido &#8220;un instrumento de paz en un instrumento de guerra&#8221;, denunci\u00f3 la organizaci\u00f3n, en contra de lo estipulado de forma vinculante por el testamento de Alfred Nobel, que mandaba conferir el premio a quien hubiera realizado la mayor obra por la fraternidad entre las naciones.<\/p>\n<p>Por el contrario, la &#8220;incitaci\u00f3n&#8221; por parte de Machado al que supone el mayor de<strong>spliegue militar de EE. UU.<\/strong>\u00a0desde la\u00a0<strong>guerra de Irak<\/strong>\u00a0la hace &#8220;categ\u00f3ricamente inelegible&#8221; para el Nobel de la Paz, argument\u00f3 Assange.<\/p>\n","protected":false},"excerpt":{"rendered":"<p>El fundador de\u00a0WikiLeaks,\u00a0Julian Assange, present\u00f3 este mi\u00e9rcoles una denuncia penal en Estocolmo contra la\u00a0Fundaci\u00f3n Nobel\u00a0por facilitar supuestamente la comisi\u00f3n de cr\u00edmenes de guerra al haber otorgado el Nobel de la Paz a la l\u00edder opositora venezolana\u00a0Mar\u00eda Corina Machado. Seg\u00fan un comunicado de la organizaci\u00f3n de Assange, 30 individuos vinculados con la Fundaci\u00f3n han cometido, en [&hellip;]<\/p>\n","protected":false},"author":2,"featured_media":238900,"comment_status":"closed","ping_status":"closed","sticky":false,"template":"","format":"standard","meta":{"footnotes":""},"categories":[12870,182],"tags":[12865,12871],"class_list":["post-238899","post","type-post","status-publish","format-standard","has-post-thumbnail","hentry","category-destacadas","category-internacional","tag-destacadas","tag-internacional"],"jetpack_featured_media_url":"https:\/\/rnoticias.com.mx\/Portal\/wp-content\/uploads\/2025\/12\/assange-nobel-maria-corina-machado.jpeg","amp_enabled":true,"_links":{"self":[{"href":"https:\/\/rnoticias.com.mx\/Portal\/wp-json\/wp\/v2\/posts\/238899","targetHints":{"allow":["GET"]}}],"collection":[{"href":"https:\/\/rnoticias.com.mx\/Portal\/wp-json\/wp\/v2\/posts"}],"about":[{"href":"https:\/\/rnoticias.com.mx\/Portal\/wp-json\/wp\/v2\/types\/post"}],"author":[{"embeddable":true,"href":"https:\/\/rnoticias.com.mx\/Portal\/wp-json\/wp\/v2\/users\/2"}],"replies":[{"embeddable":true,"href":"https:\/\/rnoticias.com.mx\/Portal\/wp-json\/wp\/v2\/comments?post=238899"}],"version-history":[{"count":1,"href":"https:\/\/rnoticias.com.mx\/Portal\/wp-json\/wp\/v2\/posts\/238899\/revisions"}],"predecessor-version":[{"id":238901,"href":"https:\/\/rnoticias.com.mx\/Portal\/wp-json\/wp\/v2\/posts\/238899\/revisions\/238901"}],"wp:featuredmedia":[{"embeddable":true,"href":"https:\/\/rnoticias.com.mx\/Portal\/wp-json\/wp\/v2\/media\/238900"}],"wp:attachment":[{"href":"https:\/\/rnoticias.com.mx\/Portal\/wp-json\/wp\/v2\/media?parent=238899"}],"wp:term":[{"taxonomy":"category","embeddable":true,"href":"https:\/\/rnoticias.com.mx\/Portal\/wp-json\/wp\/v2\/categories?post=238899"},{"taxonomy":"post_tag","embeddable":true,"href":"https:\/\/rnoticias.com.mx\/Portal\/wp-json\/wp\/v2\/tags?post=238899"}],"curies":[{"name":"wp","href":"https:\/\/api.w.org\/{rel}","templated":true}]}}